{"id":1061,"date":"2026-04-28T14:10:28","date_gmt":"2026-04-28T14:10:28","guid":{"rendered":"https:\/\/radiocorporacion.com.pe\/?p=1061"},"modified":"2026-04-28T14:10:28","modified_gmt":"2026-04-28T14:10:28","slug":"sporting-cristal-vs-junior-en-vivo-a-que-hora-juegan-y-donde-ver-la-fecha-3-de-la-copa-libertadores","status":"publish","type":"post","link":"https:\/\/radiocorporacion.com.pe\/?p=1061","title":{"rendered":"Sporting Cristal vs Junior EN VIVO: \u00bfa qu\u00e9 hora juegan y d\u00f3nde ver la fecha 3 de la Copa Libertadores?"},"content":{"rendered":"\n<p>Para no perder el ritmo. Sporting Cristal recibe a Junior por la fecha 3 de la Copa Libertadores de Am\u00e9rica. El cuadro Rimense viene en un buen ritmo en el torneo. Y si bien perdi\u00f3 ante Palmeiras en la segunda fecha, demostr\u00f3 que puede hacerle partido a cualquier equipo. El equipo barranquillero, en tanto, est\u00e1 en la necesidad de ganar, pues ha sumado un solo punto. \u00bfA qu\u00e9 hora es el partido y d\u00f3nde verlo EN VIVO?<\/p>\n\n\n\n<p>El encuentro entre Sporting Cristal vs Junior se disputar\u00e1 este martes 28 de abril en el estadio Alejandro Villanueva (Matute), desde las 9:00 p.m. hora peruana, y ser\u00e1 transmitido EN DIRECTO por ESPN y Disney+. Tambi\u00e9n podr\u00e1s escucharlo por los 89.7 FM y 730 AM de RPP y Audioplayer. El minuto a minuto a lo tendr\u00e1s por RPP.pe.<br>Sporting Cristal vs Junior: \u00bfc\u00f3mo llegan a la fecha 3 de la Copa Libertadores 2026?<br>Sporting Cristal llega al partido con resultados inestables. De sus \u00faltimos cinco, perdi\u00f3 tres y gan\u00f3 dos. Junior, en cambio, llega con dos victorias, dos empates y una derrota.<\/p>\n","protected":false},"excerpt":{"rendered":"<p>Para no perder el ritmo. Sporting Cristal recibe a Junior por la fecha 3 de la Copa Libertadores de Am\u00e9rica.<\/p>\n","protected":false},"author":2,"featured_media":1062,"comment_status":"open","ping_status":"open","sticky":false,"template":"","format":"standard","meta":{"colormag_page_container_layout":"default_layout","colormag_page_sidebar_layout":"default_layout","footnotes":""},"categories":[13],"tags":[],"class_list":["post-1061","post","type-post","status-publish","format-standard","has-post-thumbnail","hentry","category-deportes"],"magazineBlocksPostFeaturedMedia":{"thumbnail":"https:\/\/radiocorporacion.com.pe\/wp-content\/uploads\/2026\/04\/image-84-5-150x150.jpg","medium":"https:\/\/radiocorporacion.com.pe\/wp-content\/uploads\/2026\/04\/image-84-5-300x169.jpg","medium_large":"https:\/\/radiocorporacion.com.pe\/wp-content\/uploads\/2026\/04\/image-84-5-768x432.jpg","large":"https:\/\/radiocorporacion.com.pe\/wp-content\/uploads\/2026\/04\/image-84-5.jpg","1536x1536":"https:\/\/radiocorporacion.com.pe\/wp-content\/uploads\/2026\/04\/image-84-5.jpg","2048x2048":"https:\/\/radiocorporacion.com.pe\/wp-content\/uploads\/2026\/04\/image-84-5.jpg","colormag-highlighted-post":"https:\/\/radiocorporacion.com.pe\/wp-content\/uploads\/2026\/04\/image-84-5-392x272.jpg","colormag-featured-post-medium":"https:\/\/radiocorporacion.com.pe\/wp-content\/uploads\/2026\/04\/image-84-5-390x205.jpg","colormag-featured-post-small":"https:\/\/radiocorporacion.com.pe\/wp-content\/uploads\/2026\/04\/image-84-5-130x90.jpg","colormag-featured-image":"https:\/\/radiocorporacion.com.pe\/wp-content\/uploads\/2026\/04\/image-84-5-800x445.jpg","colormag-default-news":"https:\/\/radiocorporacion.com.pe\/wp-content\/uploads\/2026\/04\/image-84-5-150x150.jpg","colormag-featured-image-large":"https:\/\/radiocorporacion.com.pe\/wp-content\/uploads\/2026\/04\/image-84-5.jpg"},"magazineBlocksPostAuthor":{"name":"Notas Corporacion","avatar":"https:\/\/secure.gravatar.com\/avatar\/b0424239fb0ab73301ee2fe15fa63952f8cc91a7008617235d24e486a66fa922?s=96&d=mm&r=g"},"magazineBlocksPostCommentsNumber":"0","magazineBlocksPostExcerpt":"Para no perder el ritmo. Sporting Cristal recibe a Junior por la fecha 3 de la Copa Libertadores de Am\u00e9rica.","magazineBlocksPostCategories":["Deportes"],"magazineBlocksPostViewCount":23,"magazineBlocksPostReadTime":1,"magazine_blocks_featured_image_url":{"full":["https:\/\/radiocorporacion.com.pe\/wp-content\/uploads\/2026\/04\/image-84-5.jpg",1020,574,false],"medium":["https:\/\/radiocorporacion.com.pe\/wp-content\/uploads\/2026\/04\/image-84-5-300x169.jpg",300,169,true],"thumbnail":["https:\/\/radiocorporacion.com.pe\/wp-content\/uploads\/2026\/04\/image-84-5-150x150.jpg",150,150,true]},"magazine_blocks_author":{"display_name":"Notas Corporacion","author_link":"https:\/\/radiocorporacion.com.pe\/?author=2"},"magazine_blocks_comment":0,"magazine_blocks_author_image":"https:\/\/secure.gravatar.com\/avatar\/b0424239fb0ab73301ee2fe15fa63952f8cc91a7008617235d24e486a66fa922?s=96&d=mm&r=g","magazine_blocks_category":"<a href=\"#\" class=\"category-link category-link-13\">Deportes<\/a>","_links":{"self":[{"href":"https:\/\/radiocorporacion.com.pe\/index.php?rest_route=\/wp\/v2\/posts\/1061","targetHints":{"allow":["GET"]}}],"collection":[{"href":"https:\/\/radiocorporacion.com.pe\/index.php?rest_route=\/wp\/v2\/posts"}],"about":[{"href":"https:\/\/radiocorporacion.com.pe\/index.php?rest_route=\/wp\/v2\/types\/post"}],"author":[{"embeddable":true,"href":"https:\/\/radiocorporacion.com.pe\/index.php?rest_route=\/wp\/v2\/users\/2"}],"replies":[{"embeddable":true,"href":"https:\/\/radiocorporacion.com.pe\/index.php?rest_route=%2Fwp%2Fv2%2Fcomments&post=1061"}],"version-history":[{"count":1,"href":"https:\/\/radiocorporacion.com.pe\/index.php?rest_route=\/wp\/v2\/posts\/1061\/revisions"}],"predecessor-version":[{"id":1063,"href":"https:\/\/radiocorporacion.com.pe\/index.php?rest_route=\/wp\/v2\/posts\/1061\/revisions\/1063"}],"wp:featuredmedia":[{"embeddable":true,"href":"https:\/\/radiocorporacion.com.pe\/index.php?rest_route=\/wp\/v2\/media\/1062"}],"wp:attachment":[{"href":"https:\/\/radiocorporacion.com.pe\/index.php?rest_route=%2Fwp%2Fv2%2Fmedia&parent=1061"}],"wp:term":[{"taxonomy":"category","embeddable":true,"href":"https:\/\/radiocorporacion.com.pe\/index.php?rest_route=%2Fwp%2Fv2%2Fcategories&post=1061"},{"taxonomy":"post_tag","embeddable":true,"href":"https:\/\/radiocorporacion.com.pe\/index.php?rest_route=%2Fwp%2Fv2%2Ftags&post=1061"}],"curies":[{"name":"wp","href":"https:\/\/api.w.org\/{rel}","templated":true}]}}