{"id":1064,"date":"2026-04-28T14:11:45","date_gmt":"2026-04-28T14:11:45","guid":{"rendered":"https:\/\/radiocorporacion.com.pe\/?p=1064"},"modified":"2026-04-28T14:11:45","modified_gmt":"2026-04-28T14:11:45","slug":"confirmado-ee-uu-realizara-feria-comunitaria-para-tramitar-pasaportes-sin-cita-previa-donde-y-quienes-pueden-acceder","status":"publish","type":"post","link":"https:\/\/radiocorporacion.com.pe\/?p=1064","title":{"rendered":"Confirmado, EE.UU. realizar\u00e1 feria comunitaria para tramitar pasaportes sin cita previa: d\u00f3nde y qui\u00e9nes pueden acceder"},"content":{"rendered":"\n<p>Si resides en Estados Unidos y tienes la urgencia de tramitar o renovar tu pasaporte estadounidense, se te ha presentado una excelente oportunidad. Sucede que las autoridades del pa\u00eds confirmaron la realizaci\u00f3n de una feria comunitaria dise\u00f1ada para facilitar este proceso sin programar una cita; con esta iniciativa, se pretende reducir los tiempos de espera y acceder al servicio. En caso tengas duda sobre los requisitos, la documentaci\u00f3n necesaria o si calificas para participar, te invito a leer esta nota completa para que conozcas los detalles. \u00abDiario El Comercio. Todos los derechos reservados.\u00bb<br>El Servicio Postal de EE.UU. (USPS, por sus siglas en ingl\u00e9s) se encarg\u00f3 de realizar este anuncio sobre este certamen comunitario con la finalidad de facilitar la gesti\u00f3n de este importante documento. El proceso se realizar\u00e1 de manera presencial y sin cita previa durante la misma jornada.<\/p>\n\n\n\n<p>La feria comunitaria est\u00e1 pactada para este s\u00e1bado 25 de abril con un horario limitado, enfoc\u00e1ndose exclusivamente en atender a los usuarios que pretenden tramitar su pasaporte por primera vez o aquellos que necesitan asesor\u00eda para finalizar su proceso. \u00abDiario El Comercio. Todos los derechos reservados.\u00bb<\/p>\n","protected":false},"excerpt":{"rendered":"<p>Si resides en Estados Unidos y tienes la urgencia de tramitar o renovar tu pasaporte estadounidense, se te ha presentado<\/p>\n","protected":false},"author":2,"featured_media":1065,"comment_status":"open","ping_status":"open","sticky":false,"template":"","format":"standard","meta":{"colormag_page_container_layout":"default_layout","colormag_page_sidebar_layout":"default_layout","footnotes":""},"categories":[11],"tags":[],"class_list":["post-1064","post","type-post","status-publish","format-standard","has-post-thumbnail","hentry","category-lo-mas-leido"],"magazineBlocksPostFeaturedMedia":{"thumbnail":"https:\/\/radiocorporacion.com.pe\/wp-content\/uploads\/2026\/04\/image-86-4-150x150.jpg","medium":"https:\/\/radiocorporacion.com.pe\/wp-content\/uploads\/2026\/04\/image-86-4-300x200.jpg","medium_large":"https:\/\/radiocorporacion.com.pe\/wp-content\/uploads\/2026\/04\/image-86-4-768x512.jpg","large":"https:\/\/radiocorporacion.com.pe\/wp-content\/uploads\/2026\/04\/image-86-4-1024x683.jpg","1536x1536":"https:\/\/radiocorporacion.com.pe\/wp-content\/uploads\/2026\/04\/image-86-4.jpg","2048x2048":"https:\/\/radiocorporacion.com.pe\/wp-content\/uploads\/2026\/04\/image-86-4.jpg","colormag-highlighted-post":"https:\/\/radiocorporacion.com.pe\/wp-content\/uploads\/2026\/04\/image-86-4-392x272.jpg","colormag-featured-post-medium":"https:\/\/radiocorporacion.com.pe\/wp-content\/uploads\/2026\/04\/image-86-4-390x205.jpg","colormag-featured-post-small":"https:\/\/radiocorporacion.com.pe\/wp-content\/uploads\/2026\/04\/image-86-4-130x90.jpg","colormag-featured-image":"https:\/\/radiocorporacion.com.pe\/wp-content\/uploads\/2026\/04\/image-86-4-800x445.jpg","colormag-default-news":"https:\/\/radiocorporacion.com.pe\/wp-content\/uploads\/2026\/04\/image-86-4-150x150.jpg","colormag-featured-image-large":"https:\/\/radiocorporacion.com.pe\/wp-content\/uploads\/2026\/04\/image-86-4-1200x600.jpg"},"magazineBlocksPostAuthor":{"name":"Notas Corporacion","avatar":"https:\/\/secure.gravatar.com\/avatar\/b0424239fb0ab73301ee2fe15fa63952f8cc91a7008617235d24e486a66fa922?s=96&d=mm&r=g"},"magazineBlocksPostCommentsNumber":"0","magazineBlocksPostExcerpt":"Si resides en Estados Unidos y tienes la urgencia de tramitar o renovar tu pasaporte estadounidense, se te ha presentado","magazineBlocksPostCategories":["Lo mas leido"],"magazineBlocksPostViewCount":18,"magazineBlocksPostReadTime":1,"magazine_blocks_featured_image_url":{"full":["https:\/\/radiocorporacion.com.pe\/wp-content\/uploads\/2026\/04\/image-86-4.jpg",1200,800,false],"medium":["https:\/\/radiocorporacion.com.pe\/wp-content\/uploads\/2026\/04\/image-86-4-300x200.jpg",300,200,true],"thumbnail":["https:\/\/radiocorporacion.com.pe\/wp-content\/uploads\/2026\/04\/image-86-4-150x150.jpg",150,150,true]},"magazine_blocks_author":{"display_name":"Notas Corporacion","author_link":"https:\/\/radiocorporacion.com.pe\/?author=2"},"magazine_blocks_comment":0,"magazine_blocks_author_image":"https:\/\/secure.gravatar.com\/avatar\/b0424239fb0ab73301ee2fe15fa63952f8cc91a7008617235d24e486a66fa922?s=96&d=mm&r=g","magazine_blocks_category":"<a href=\"#\" class=\"category-link category-link-11\">Lo mas leido<\/a>","_links":{"self":[{"href":"https:\/\/radiocorporacion.com.pe\/index.php?rest_route=\/wp\/v2\/posts\/1064","targetHints":{"allow":["GET"]}}],"collection":[{"href":"https:\/\/radiocorporacion.com.pe\/index.php?rest_route=\/wp\/v2\/posts"}],"about":[{"href":"https:\/\/radiocorporacion.com.pe\/index.php?rest_route=\/wp\/v2\/types\/post"}],"author":[{"embeddable":true,"href":"https:\/\/radiocorporacion.com.pe\/index.php?rest_route=\/wp\/v2\/users\/2"}],"replies":[{"embeddable":true,"href":"https:\/\/radiocorporacion.com.pe\/index.php?rest_route=%2Fwp%2Fv2%2Fcomments&post=1064"}],"version-history":[{"count":1,"href":"https:\/\/radiocorporacion.com.pe\/index.php?rest_route=\/wp\/v2\/posts\/1064\/revisions"}],"predecessor-version":[{"id":1066,"href":"https:\/\/radiocorporacion.com.pe\/index.php?rest_route=\/wp\/v2\/posts\/1064\/revisions\/1066"}],"wp:featuredmedia":[{"embeddable":true,"href":"https:\/\/radiocorporacion.com.pe\/index.php?rest_route=\/wp\/v2\/media\/1065"}],"wp:attachment":[{"href":"https:\/\/radiocorporacion.com.pe\/index.php?rest_route=%2Fwp%2Fv2%2Fmedia&parent=1064"}],"wp:term":[{"taxonomy":"category","embeddable":true,"href":"https:\/\/radiocorporacion.com.pe\/index.php?rest_route=%2Fwp%2Fv2%2Fcategories&post=1064"},{"taxonomy":"post_tag","embeddable":true,"href":"https:\/\/radiocorporacion.com.pe\/index.php?rest_route=%2Fwp%2Fv2%2Ftags&post=1064"}],"curies":[{"name":"wp","href":"https:\/\/api.w.org\/{rel}","templated":true}]}}