{"id":1067,"date":"2026-04-28T14:13:13","date_gmt":"2026-04-28T14:13:13","guid":{"rendered":"https:\/\/radiocorporacion.com.pe\/?p=1067"},"modified":"2026-04-28T14:13:13","modified_gmt":"2026-04-28T14:13:13","slug":"tras-anos-detenida-el-gobierno-construye-la-autopista-norte-mas-esperada-del-continente-que-conecta-cinco-importantes-municipios","status":"publish","type":"post","link":"https:\/\/radiocorporacion.com.pe\/?p=1067","title":{"rendered":"Tras a\u00f1os detenida, el Gobierno construye la autopista Norte m\u00e1s esperada del continente que conecta cinco importantes municipios"},"content":{"rendered":"\n<p>Tras varios a\u00f1os de retrasos, ajustes t\u00e9cnicos y discusiones ambientales, la ampliaci\u00f3n de la autopista Norte de Bogot\u00e1 finalmente entrar\u00e1 en fase de construcci\u00f3n. La Agencia Nacional de Infraestructura confirm\u00f3 la firma del acta de inicio que permitir\u00e1 poner en marcha el proyecto que busca descongestionar uno de los corredores m\u00e1s cr\u00edticos del pa\u00eds y mejorar la conexi\u00f3n con los municipios de la Sabana norte.<br>La obra es considerada estrat\u00e9gica para la movilidad regional, ya que impactar\u00e1 directamente a miles de conductores que se desplazan diariamente entre Bogot\u00e1 y poblaciones como Ch\u00eda, Cajic\u00e1, Zipaquir\u00e1, Sop\u00f3 y Tocancip\u00e1. El plan contempla ampliar carriles, construir nuevas ciclorrutas, mejorar andenes y habilitar infraestructura para transporte p\u00fablico masivo.<br>\u00bfQu\u00e9 incluye la ampliaci\u00f3n de la autopista Norte de Bogot\u00e1 y por qu\u00e9 es clave para la movilidad?<br>El proyecto contempla la ampliaci\u00f3n de la autopista Norte hasta completar 12 carriles en algunos tramos, incluyendo carriles mixtos, carril exclusivo para transporte masivo y nuevas conexiones viales. Tambi\u00e9n se construir\u00e1n puentes peatonales, ciclorrutas continuas y andenes m\u00e1s amplios para mejorar la seguridad de peatones y ciclistas.<\/p>\n\n\n\n<p>La intervenci\u00f3n se concentrar\u00e1 inicialmente entre las calles 191 y 245, uno de los puntos con mayor congesti\u00f3n vehicular. All\u00ed comenzar\u00e1n los trabajos de adecuaci\u00f3n del terreno, ajustes de drenaje y ampliaci\u00f3n de la calzada.<\/p>\n","protected":false},"excerpt":{"rendered":"<p>Tras varios a\u00f1os de retrasos, ajustes t\u00e9cnicos y discusiones ambientales, la ampliaci\u00f3n de la autopista Norte de Bogot\u00e1 finalmente entrar\u00e1<\/p>\n","protected":false},"author":2,"featured_media":1068,"comment_status":"open","ping_status":"open","sticky":false,"template":"","format":"standard","meta":{"colormag_page_container_layout":"default_layout","colormag_page_sidebar_layout":"default_layout","footnotes":""},"categories":[11],"tags":[],"class_list":["post-1067","post","type-post","status-publish","format-standard","has-post-thumbnail","hentry","category-lo-mas-leido"],"magazineBlocksPostFeaturedMedia":{"thumbnail":"https:\/\/radiocorporacion.com.pe\/wp-content\/uploads\/2026\/04\/image-87-4-150x150.jpg","medium":"https:\/\/radiocorporacion.com.pe\/wp-content\/uploads\/2026\/04\/image-87-4-300x169.jpg","medium_large":"https:\/\/radiocorporacion.com.pe\/wp-content\/uploads\/2026\/04\/image-87-4-768x432.jpg","large":"https:\/\/radiocorporacion.com.pe\/wp-content\/uploads\/2026\/04\/image-87-4.jpg","1536x1536":"https:\/\/radiocorporacion.com.pe\/wp-content\/uploads\/2026\/04\/image-87-4.jpg","2048x2048":"https:\/\/radiocorporacion.com.pe\/wp-content\/uploads\/2026\/04\/image-87-4.jpg","colormag-highlighted-post":"https:\/\/radiocorporacion.com.pe\/wp-content\/uploads\/2026\/04\/image-87-4-392x272.jpg","colormag-featured-post-medium":"https:\/\/radiocorporacion.com.pe\/wp-content\/uploads\/2026\/04\/image-87-4-390x205.jpg","colormag-featured-post-small":"https:\/\/radiocorporacion.com.pe\/wp-content\/uploads\/2026\/04\/image-87-4-130x90.jpg","colormag-featured-image":"https:\/\/radiocorporacion.com.pe\/wp-content\/uploads\/2026\/04\/image-87-4-800x445.jpg","colormag-default-news":"https:\/\/radiocorporacion.com.pe\/wp-content\/uploads\/2026\/04\/image-87-4-150x150.jpg","colormag-featured-image-large":"https:\/\/radiocorporacion.com.pe\/wp-content\/uploads\/2026\/04\/image-87-4.jpg"},"magazineBlocksPostAuthor":{"name":"Notas Corporacion","avatar":"https:\/\/secure.gravatar.com\/avatar\/b0424239fb0ab73301ee2fe15fa63952f8cc91a7008617235d24e486a66fa922?s=96&d=mm&r=g"},"magazineBlocksPostCommentsNumber":"0","magazineBlocksPostExcerpt":"Tras varios a\u00f1os de retrasos, ajustes t\u00e9cnicos y discusiones ambientales, la ampliaci\u00f3n de la autopista Norte de Bogot\u00e1 finalmente entrar\u00e1","magazineBlocksPostCategories":["Lo mas leido"],"magazineBlocksPostViewCount":22,"magazineBlocksPostReadTime":2,"magazine_blocks_featured_image_url":{"full":["https:\/\/radiocorporacion.com.pe\/wp-content\/uploads\/2026\/04\/image-87-4.jpg",800,450,false],"medium":["https:\/\/radiocorporacion.com.pe\/wp-content\/uploads\/2026\/04\/image-87-4-300x169.jpg",300,169,true],"thumbnail":["https:\/\/radiocorporacion.com.pe\/wp-content\/uploads\/2026\/04\/image-87-4-150x150.jpg",150,150,true]},"magazine_blocks_author":{"display_name":"Notas Corporacion","author_link":"https:\/\/radiocorporacion.com.pe\/?author=2"},"magazine_blocks_comment":0,"magazine_blocks_author_image":"https:\/\/secure.gravatar.com\/avatar\/b0424239fb0ab73301ee2fe15fa63952f8cc91a7008617235d24e486a66fa922?s=96&d=mm&r=g","magazine_blocks_category":"<a href=\"#\" class=\"category-link category-link-11\">Lo mas leido<\/a>","_links":{"self":[{"href":"https:\/\/radiocorporacion.com.pe\/index.php?rest_route=\/wp\/v2\/posts\/1067","targetHints":{"allow":["GET"]}}],"collection":[{"href":"https:\/\/radiocorporacion.com.pe\/index.php?rest_route=\/wp\/v2\/posts"}],"about":[{"href":"https:\/\/radiocorporacion.com.pe\/index.php?rest_route=\/wp\/v2\/types\/post"}],"author":[{"embeddable":true,"href":"https:\/\/radiocorporacion.com.pe\/index.php?rest_route=\/wp\/v2\/users\/2"}],"replies":[{"embeddable":true,"href":"https:\/\/radiocorporacion.com.pe\/index.php?rest_route=%2Fwp%2Fv2%2Fcomments&post=1067"}],"version-history":[{"count":1,"href":"https:\/\/radiocorporacion.com.pe\/index.php?rest_route=\/wp\/v2\/posts\/1067\/revisions"}],"predecessor-version":[{"id":1069,"href":"https:\/\/radiocorporacion.com.pe\/index.php?rest_route=\/wp\/v2\/posts\/1067\/revisions\/1069"}],"wp:featuredmedia":[{"embeddable":true,"href":"https:\/\/radiocorporacion.com.pe\/index.php?rest_route=\/wp\/v2\/media\/1068"}],"wp:attachment":[{"href":"https:\/\/radiocorporacion.com.pe\/index.php?rest_route=%2Fwp%2Fv2%2Fmedia&parent=1067"}],"wp:term":[{"taxonomy":"category","embeddable":true,"href":"https:\/\/radiocorporacion.com.pe\/index.php?rest_route=%2Fwp%2Fv2%2Fcategories&post=1067"},{"taxonomy":"post_tag","embeddable":true,"href":"https:\/\/radiocorporacion.com.pe\/index.php?rest_route=%2Fwp%2Fv2%2Ftags&post=1067"}],"curies":[{"name":"wp","href":"https:\/\/api.w.org\/{rel}","templated":true}]}}