{"id":1070,"date":"2026-04-28T14:15:06","date_gmt":"2026-04-28T14:15:06","guid":{"rendered":"https:\/\/radiocorporacion.com.pe\/?p=1070"},"modified":"2026-04-28T14:15:06","modified_gmt":"2026-04-28T14:15:06","slug":"hospital-almenara-devuelve-movilidad-a-mujer-que-dependia-de-terceros-por-el-parkinson","status":"publish","type":"post","link":"https:\/\/radiocorporacion.com.pe\/?p=1070","title":{"rendered":"Hospital Almenara devuelve movilidad a mujer que depend\u00eda de terceros por el Parkinson"},"content":{"rendered":"\n<p>Tras 15 a\u00f1os de una lucha silenciosa contra la enfermedad de Parkinson que le arrebat\u00f3 el movimiento, A\u00edda Vega Dur\u00e1n (61) recuper\u00f3 el 60 % de su capacidad motora gracias a una compleja cirug\u00eda de Estimulaci\u00f3n Cerebral Profunda (DBS).<\/p>\n\n\n\n<p>Esta intervenci\u00f3n de alta especializaci\u00f3n fue ejecutada por expertos del Hospital Nacional Guillermo Almenara Irigoyen de EsSalud.<\/p>\n\n\n\n<p>\u201cMi cuerpo era como una gelatina; no pod\u00eda vestirme, no ten\u00eda equilibrio, ni siquiera pod\u00eda lavarme la cara sin ayuda. Sent\u00eda que mi vida se deten\u00eda mientras el mundo segu\u00eda girando\u201d, recuerda A\u00edda, tras se\u00f1alar que ahora puede caminar en casa y, lo m\u00e1s importante, ha dejado de depender de terceros.<br>La proeza m\u00e9dica consisti\u00f3 en la implantaci\u00f3n de electrodos en zonas profundas del cerebro, conectados a un neuroestimulador que funciona como un \u201cmarcapasos cerebral\u201d.<\/p>\n\n\n\n<p>Este dispositivo regula la actividad el\u00e9ctrica neuronal, \u00abapagando\u00bb los temblores y la rigidez que imped\u00edan a la paciente realizar tareas b\u00e1sicas.<\/p>\n\n\n\n<p>El Dr. Camilo Contreras, neurocirujano encargado del \u00c1rea de Neurocirug\u00eda Funcional del Hospital Almenara, explic\u00f3 que el DBS es un procedimiento que est\u00e1 reservado para casos cr\u00edticos tras una rigurosa evaluaci\u00f3n m\u00e9dica.<\/p>\n","protected":false},"excerpt":{"rendered":"<p>Tras 15 a\u00f1os de una lucha silenciosa contra la enfermedad de Parkinson que le arrebat\u00f3 el movimiento, A\u00edda Vega Dur\u00e1n<\/p>\n","protected":false},"author":2,"featured_media":1071,"comment_status":"open","ping_status":"open","sticky":false,"template":"","format":"standard","meta":{"colormag_page_container_layout":"default_layout","colormag_page_sidebar_layout":"default_layout","footnotes":""},"categories":[9],"tags":[],"class_list":["post-1070","post","type-post","status-publish","format-standard","has-post-thumbnail","hentry","category-lo-ultimo"],"magazineBlocksPostFeaturedMedia":{"thumbnail":"https:\/\/radiocorporacion.com.pe\/wp-content\/uploads\/2026\/04\/image-89-4-150x150.jpg","medium":"https:\/\/radiocorporacion.com.pe\/wp-content\/uploads\/2026\/04\/image-89-4-300x200.jpg","medium_large":"https:\/\/radiocorporacion.com.pe\/wp-content\/uploads\/2026\/04\/image-89-4-768x512.jpg","large":"https:\/\/radiocorporacion.com.pe\/wp-content\/uploads\/2026\/04\/image-89-4-1024x682.jpg","1536x1536":"https:\/\/radiocorporacion.com.pe\/wp-content\/uploads\/2026\/04\/image-89-4-1536x1023.jpg","2048x2048":"https:\/\/radiocorporacion.com.pe\/wp-content\/uploads\/2026\/04\/image-89-4.jpg","colormag-highlighted-post":"https:\/\/radiocorporacion.com.pe\/wp-content\/uploads\/2026\/04\/image-89-4-392x272.jpg","colormag-featured-post-medium":"https:\/\/radiocorporacion.com.pe\/wp-content\/uploads\/2026\/04\/image-89-4-390x205.jpg","colormag-featured-post-small":"https:\/\/radiocorporacion.com.pe\/wp-content\/uploads\/2026\/04\/image-89-4-130x90.jpg","colormag-featured-image":"https:\/\/radiocorporacion.com.pe\/wp-content\/uploads\/2026\/04\/image-89-4-800x445.jpg","colormag-default-news":"https:\/\/radiocorporacion.com.pe\/wp-content\/uploads\/2026\/04\/image-89-4-150x150.jpg","colormag-featured-image-large":"https:\/\/radiocorporacion.com.pe\/wp-content\/uploads\/2026\/04\/image-89-4-1400x600.jpg"},"magazineBlocksPostAuthor":{"name":"Notas Corporacion","avatar":"https:\/\/secure.gravatar.com\/avatar\/b0424239fb0ab73301ee2fe15fa63952f8cc91a7008617235d24e486a66fa922?s=96&d=mm&r=g"},"magazineBlocksPostCommentsNumber":"0","magazineBlocksPostExcerpt":"Tras 15 a\u00f1os de una lucha silenciosa contra la enfermedad de Parkinson que le arrebat\u00f3 el movimiento, A\u00edda Vega Dur\u00e1n","magazineBlocksPostCategories":["Lo \u00daltimo"],"magazineBlocksPostViewCount":20,"magazineBlocksPostReadTime":2,"magazine_blocks_featured_image_url":{"full":["https:\/\/radiocorporacion.com.pe\/wp-content\/uploads\/2026\/04\/image-89-4.jpg",1600,1066,false],"medium":["https:\/\/radiocorporacion.com.pe\/wp-content\/uploads\/2026\/04\/image-89-4-300x200.jpg",300,200,true],"thumbnail":["https:\/\/radiocorporacion.com.pe\/wp-content\/uploads\/2026\/04\/image-89-4-150x150.jpg",150,150,true]},"magazine_blocks_author":{"display_name":"Notas Corporacion","author_link":"https:\/\/radiocorporacion.com.pe\/?author=2"},"magazine_blocks_comment":0,"magazine_blocks_author_image":"https:\/\/secure.gravatar.com\/avatar\/b0424239fb0ab73301ee2fe15fa63952f8cc91a7008617235d24e486a66fa922?s=96&d=mm&r=g","magazine_blocks_category":"<a href=\"#\" class=\"category-link category-link-9\">Lo \u00daltimo<\/a>","_links":{"self":[{"href":"https:\/\/radiocorporacion.com.pe\/index.php?rest_route=\/wp\/v2\/posts\/1070","targetHints":{"allow":["GET"]}}],"collection":[{"href":"https:\/\/radiocorporacion.com.pe\/index.php?rest_route=\/wp\/v2\/posts"}],"about":[{"href":"https:\/\/radiocorporacion.com.pe\/index.php?rest_route=\/wp\/v2\/types\/post"}],"author":[{"embeddable":true,"href":"https:\/\/radiocorporacion.com.pe\/index.php?rest_route=\/wp\/v2\/users\/2"}],"replies":[{"embeddable":true,"href":"https:\/\/radiocorporacion.com.pe\/index.php?rest_route=%2Fwp%2Fv2%2Fcomments&post=1070"}],"version-history":[{"count":1,"href":"https:\/\/radiocorporacion.com.pe\/index.php?rest_route=\/wp\/v2\/posts\/1070\/revisions"}],"predecessor-version":[{"id":1072,"href":"https:\/\/radiocorporacion.com.pe\/index.php?rest_route=\/wp\/v2\/posts\/1070\/revisions\/1072"}],"wp:featuredmedia":[{"embeddable":true,"href":"https:\/\/radiocorporacion.com.pe\/index.php?rest_route=\/wp\/v2\/media\/1071"}],"wp:attachment":[{"href":"https:\/\/radiocorporacion.com.pe\/index.php?rest_route=%2Fwp%2Fv2%2Fmedia&parent=1070"}],"wp:term":[{"taxonomy":"category","embeddable":true,"href":"https:\/\/radiocorporacion.com.pe\/index.php?rest_route=%2Fwp%2Fv2%2Fcategories&post=1070"},{"taxonomy":"post_tag","embeddable":true,"href":"https:\/\/radiocorporacion.com.pe\/index.php?rest_route=%2Fwp%2Fv2%2Ftags&post=1070"}],"curies":[{"name":"wp","href":"https:\/\/api.w.org\/{rel}","templated":true}]}}