{"id":1088,"date":"2026-04-28T14:27:59","date_gmt":"2026-04-28T14:27:59","guid":{"rendered":"https:\/\/radiocorporacion.com.pe\/?p=1088"},"modified":"2026-04-28T14:27:59","modified_gmt":"2026-04-28T14:27:59","slug":"paro-nacional-confirmado-docentes-anunciaron-una-nueva-medida-de-fuerza-y-toda-esta-semana-no-habra-clases","status":"publish","type":"post","link":"https:\/\/radiocorporacion.com.pe\/?p=1088","title":{"rendered":"Paro nacional confirmado | Docentes anunciaron una nueva medida de fuerza y toda esta semana no habr\u00e1 clases"},"content":{"rendered":"\n<p>Sindicatos docentes confirmaron una nueva semana de paro nacional que se extender\u00e1 por seis d\u00edas consecutivos, desde este lunes 27 de abril hasta el s\u00e1bado 2 de mayo, con el feriado en el medio. La decisi\u00f3n del sindicato volver\u00e1 a impactar en los centros de estudios de todo el pa\u00eds y dejar\u00e1 sin clases a miles de alumnos.<br>Por otro lado, esta nueva medida de fuerza impulsada por los principales gremios universitarios no solo tendr\u00e1 impacto en el nivel superior, sino tambi\u00e9n en los colegios que dependen de estas instituciones.<br>Paro docente de una semana: qui\u00e9nes no tendr\u00e1n clases esta semana<br>La semana de paro prevista para esta \u00faltima semana de abril fue una decisi\u00f3n del Congreso de CONADU, que defini\u00f3 profundizar el conflicto universitario con medidas de fuerza que se extiendan por siete d\u00edas durante todo este cuatrimestre.<\/p>\n","protected":false},"excerpt":{"rendered":"<p>Sindicatos docentes confirmaron una nueva semana de paro nacional que se extender\u00e1 por seis d\u00edas consecutivos, desde este lunes 27<\/p>\n","protected":false},"author":2,"featured_media":1089,"comment_status":"open","ping_status":"open","sticky":false,"template":"","format":"standard","meta":{"colormag_page_container_layout":"default_layout","colormag_page_sidebar_layout":"default_layout","footnotes":""},"categories":[11],"tags":[],"class_list":["post-1088","post","type-post","status-publish","format-standard","has-post-thumbnail","hentry","category-lo-mas-leido"],"magazineBlocksPostFeaturedMedia":{"thumbnail":"https:\/\/radiocorporacion.com.pe\/wp-content\/uploads\/2026\/04\/image-96-1-150x150.jpg","medium":"https:\/\/radiocorporacion.com.pe\/wp-content\/uploads\/2026\/04\/image-96-1-300x169.jpg","medium_large":"https:\/\/radiocorporacion.com.pe\/wp-content\/uploads\/2026\/04\/image-96-1-768x432.jpg","large":"https:\/\/radiocorporacion.com.pe\/wp-content\/uploads\/2026\/04\/image-96-1.jpg","1536x1536":"https:\/\/radiocorporacion.com.pe\/wp-content\/uploads\/2026\/04\/image-96-1.jpg","2048x2048":"https:\/\/radiocorporacion.com.pe\/wp-content\/uploads\/2026\/04\/image-96-1.jpg","colormag-highlighted-post":"https:\/\/radiocorporacion.com.pe\/wp-content\/uploads\/2026\/04\/image-96-1-392x272.jpg","colormag-featured-post-medium":"https:\/\/radiocorporacion.com.pe\/wp-content\/uploads\/2026\/04\/image-96-1-390x205.jpg","colormag-featured-post-small":"https:\/\/radiocorporacion.com.pe\/wp-content\/uploads\/2026\/04\/image-96-1-130x90.jpg","colormag-featured-image":"https:\/\/radiocorporacion.com.pe\/wp-content\/uploads\/2026\/04\/image-96-1-800x445.jpg","colormag-default-news":"https:\/\/radiocorporacion.com.pe\/wp-content\/uploads\/2026\/04\/image-96-1-150x150.jpg","colormag-featured-image-large":"https:\/\/radiocorporacion.com.pe\/wp-content\/uploads\/2026\/04\/image-96-1.jpg"},"magazineBlocksPostAuthor":{"name":"Notas Corporacion","avatar":"https:\/\/secure.gravatar.com\/avatar\/b0424239fb0ab73301ee2fe15fa63952f8cc91a7008617235d24e486a66fa922?s=96&d=mm&r=g"},"magazineBlocksPostCommentsNumber":"0","magazineBlocksPostExcerpt":"Sindicatos docentes confirmaron una nueva semana de paro nacional que se extender\u00e1 por seis d\u00edas consecutivos, desde este lunes 27","magazineBlocksPostCategories":["Lo mas leido"],"magazineBlocksPostViewCount":21,"magazineBlocksPostReadTime":1,"magazine_blocks_featured_image_url":{"full":["https:\/\/radiocorporacion.com.pe\/wp-content\/uploads\/2026\/04\/image-96-1.jpg",800,450,false],"medium":["https:\/\/radiocorporacion.com.pe\/wp-content\/uploads\/2026\/04\/image-96-1-300x169.jpg",300,169,true],"thumbnail":["https:\/\/radiocorporacion.com.pe\/wp-content\/uploads\/2026\/04\/image-96-1-150x150.jpg",150,150,true]},"magazine_blocks_author":{"display_name":"Notas Corporacion","author_link":"https:\/\/radiocorporacion.com.pe\/?author=2"},"magazine_blocks_comment":0,"magazine_blocks_author_image":"https:\/\/secure.gravatar.com\/avatar\/b0424239fb0ab73301ee2fe15fa63952f8cc91a7008617235d24e486a66fa922?s=96&d=mm&r=g","magazine_blocks_category":"<a href=\"#\" class=\"category-link category-link-11\">Lo mas leido<\/a>","_links":{"self":[{"href":"https:\/\/radiocorporacion.com.pe\/index.php?rest_route=\/wp\/v2\/posts\/1088","targetHints":{"allow":["GET"]}}],"collection":[{"href":"https:\/\/radiocorporacion.com.pe\/index.php?rest_route=\/wp\/v2\/posts"}],"about":[{"href":"https:\/\/radiocorporacion.com.pe\/index.php?rest_route=\/wp\/v2\/types\/post"}],"author":[{"embeddable":true,"href":"https:\/\/radiocorporacion.com.pe\/index.php?rest_route=\/wp\/v2\/users\/2"}],"replies":[{"embeddable":true,"href":"https:\/\/radiocorporacion.com.pe\/index.php?rest_route=%2Fwp%2Fv2%2Fcomments&post=1088"}],"version-history":[{"count":1,"href":"https:\/\/radiocorporacion.com.pe\/index.php?rest_route=\/wp\/v2\/posts\/1088\/revisions"}],"predecessor-version":[{"id":1090,"href":"https:\/\/radiocorporacion.com.pe\/index.php?rest_route=\/wp\/v2\/posts\/1088\/revisions\/1090"}],"wp:featuredmedia":[{"embeddable":true,"href":"https:\/\/radiocorporacion.com.pe\/index.php?rest_route=\/wp\/v2\/media\/1089"}],"wp:attachment":[{"href":"https:\/\/radiocorporacion.com.pe\/index.php?rest_route=%2Fwp%2Fv2%2Fmedia&parent=1088"}],"wp:term":[{"taxonomy":"category","embeddable":true,"href":"https:\/\/radiocorporacion.com.pe\/index.php?rest_route=%2Fwp%2Fv2%2Fcategories&post=1088"},{"taxonomy":"post_tag","embeddable":true,"href":"https:\/\/radiocorporacion.com.pe\/index.php?rest_route=%2Fwp%2Fv2%2Ftags&post=1088"}],"curies":[{"name":"wp","href":"https:\/\/api.w.org\/{rel}","templated":true}]}}