{"id":1098,"date":"2026-05-01T19:23:15","date_gmt":"2026-05-01T19:23:15","guid":{"rendered":"https:\/\/radiocorporacion.com.pe\/?p=1098"},"modified":"2026-05-01T19:23:15","modified_gmt":"2026-05-01T19:23:15","slug":"se-realizo-el-lanzamiento-oficial-del-v-festival-de-la-chunguinada-cerrena","status":"publish","type":"post","link":"https:\/\/radiocorporacion.com.pe\/?p=1098","title":{"rendered":"Se realiz\u00f3 el lanzamiento oficial del V Festival de la Chunguinada Cerre\u00f1a"},"content":{"rendered":"\n<p>Durante esta ceremonia, el alcalde provincial ratific\u00f3 su firme compromiso con la promoci\u00f3n y difusi\u00f3n de nuestras manifestaciones culturales, destacando la importancia de mantener vivas nuestras costumbres y fortalecer la identidad de nuestro pueblo.<br>\ud83d\udccdEste gran festival se realizar\u00e1 los d\u00edas 29, 30 y 31 de mayo, donde diversas agrupaciones y danzantes demostrar\u00e1n todo su talento, colorido y pasi\u00f3n en una de las expresiones m\u00e1s representativas de nuestra cultura.<br>Invitamos a toda la poblaci\u00f3n a ser parte de esta gran fiesta cultural y a disfrutar de nuestras tradiciones. \ud83d\udc83\ud83c\udfb6<\/p>\n\n\n\n<figure class=\"wp-block-image size-large\"><img loading=\"lazy\" decoding=\"async\" width=\"1024\" height=\"703\" src=\"https:\/\/radiocorporacion.com.pe\/wp-content\/uploads\/2026\/05\/image-1024x703.png\" alt=\"\" class=\"wp-image-1100\" srcset=\"https:\/\/radiocorporacion.com.pe\/wp-content\/uploads\/2026\/05\/image-1024x703.png 1024w, https:\/\/radiocorporacion.com.pe\/wp-content\/uploads\/2026\/05\/image-300x206.png 300w, https:\/\/radiocorporacion.com.pe\/wp-content\/uploads\/2026\/05\/image-768x527.png 768w, https:\/\/radiocorporacion.com.pe\/wp-content\/uploads\/2026\/05\/image-1536x1055.png 1536w, https:\/\/radiocorporacion.com.pe\/wp-content\/uploads\/2026\/05\/image-130x90.png 130w, https:\/\/radiocorporacion.com.pe\/wp-content\/uploads\/2026\/05\/image.png 2048w\" sizes=\"auto, (max-width: 1024px) 100vw, 1024px\" \/><\/figure>\n\n\n\n<figure class=\"wp-block-image size-large\"><img loading=\"lazy\" decoding=\"async\" width=\"1024\" height=\"688\" src=\"https:\/\/radiocorporacion.com.pe\/wp-content\/uploads\/2026\/05\/image-1-1024x688.png\" alt=\"\" class=\"wp-image-1101\" srcset=\"https:\/\/radiocorporacion.com.pe\/wp-content\/uploads\/2026\/05\/image-1-1024x688.png 1024w, https:\/\/radiocorporacion.com.pe\/wp-content\/uploads\/2026\/05\/image-1-300x201.png 300w, https:\/\/radiocorporacion.com.pe\/wp-content\/uploads\/2026\/05\/image-1-768x516.png 768w, https:\/\/radiocorporacion.com.pe\/wp-content\/uploads\/2026\/05\/image-1-1536x1031.png 1536w, https:\/\/radiocorporacion.com.pe\/wp-content\/uploads\/2026\/05\/image-1.png 2048w\" sizes=\"auto, (max-width: 1024px) 100vw, 1024px\" \/><\/figure>\n\n\n\n<figure class=\"wp-block-image size-large\"><img loading=\"lazy\" decoding=\"async\" width=\"1024\" height=\"706\" src=\"https:\/\/radiocorporacion.com.pe\/wp-content\/uploads\/2026\/05\/image-2-1024x706.png\" alt=\"\" class=\"wp-image-1102\" srcset=\"https:\/\/radiocorporacion.com.pe\/wp-content\/uploads\/2026\/05\/image-2-1024x706.png 1024w, https:\/\/radiocorporacion.com.pe\/wp-content\/uploads\/2026\/05\/image-2-300x207.png 300w, https:\/\/radiocorporacion.com.pe\/wp-content\/uploads\/2026\/05\/image-2-768x529.png 768w, https:\/\/radiocorporacion.com.pe\/wp-content\/uploads\/2026\/05\/image-2-1536x1058.png 1536w, https:\/\/radiocorporacion.com.pe\/wp-content\/uploads\/2026\/05\/image-2-130x90.png 130w, https:\/\/radiocorporacion.com.pe\/wp-content\/uploads\/2026\/05\/image-2.png 2048w\" sizes=\"auto, (max-width: 1024px) 100vw, 1024px\" \/><\/figure>\n\n\n\n<figure class=\"wp-block-image size-large\"><img loading=\"lazy\" decoding=\"async\" width=\"1024\" height=\"683\" src=\"https:\/\/radiocorporacion.com.pe\/wp-content\/uploads\/2026\/05\/image-3-1024x683.png\" alt=\"\" class=\"wp-image-1103\" srcset=\"https:\/\/radiocorporacion.com.pe\/wp-content\/uploads\/2026\/05\/image-3-1024x683.png 1024w, https:\/\/radiocorporacion.com.pe\/wp-content\/uploads\/2026\/05\/image-3-300x200.png 300w, https:\/\/radiocorporacion.com.pe\/wp-content\/uploads\/2026\/05\/image-3-768x512.png 768w, https:\/\/radiocorporacion.com.pe\/wp-content\/uploads\/2026\/05\/image-3-1536x1024.png 1536w, https:\/\/radiocorporacion.com.pe\/wp-content\/uploads\/2026\/05\/image-3.png 2048w\" sizes=\"auto, (max-width: 1024px) 100vw, 1024px\" \/><\/figure>\n\n\n\n<figure class=\"wp-block-image size-large\"><img loading=\"lazy\" decoding=\"async\" width=\"1024\" height=\"683\" src=\"https:\/\/radiocorporacion.com.pe\/wp-content\/uploads\/2026\/05\/image-4-1024x683.png\" alt=\"\" class=\"wp-image-1104\" srcset=\"https:\/\/radiocorporacion.com.pe\/wp-content\/uploads\/2026\/05\/image-4-1024x683.png 1024w, https:\/\/radiocorporacion.com.pe\/wp-content\/uploads\/2026\/05\/image-4-300x200.png 300w, https:\/\/radiocorporacion.com.pe\/wp-content\/uploads\/2026\/05\/image-4-768x512.png 768w, https:\/\/radiocorporacion.com.pe\/wp-content\/uploads\/2026\/05\/image-4-1536x1024.png 1536w, https:\/\/radiocorporacion.com.pe\/wp-content\/uploads\/2026\/05\/image-4.png 2048w\" sizes=\"auto, (max-width: 1024px) 100vw, 1024px\" \/><\/figure>\n","protected":false},"excerpt":{"rendered":"<p>Durante esta ceremonia, el alcalde provincial ratific\u00f3 su firme compromiso con la promoci\u00f3n y difusi\u00f3n de nuestras manifestaciones culturales, destacando<\/p>\n","protected":false},"author":2,"featured_media":1105,"comment_status":"open","ping_status":"open","sticky":false,"template":"","format":"standard","meta":{"colormag_page_container_layout":"default_layout","colormag_page_sidebar_layout":"default_layout","footnotes":""},"categories":[9],"tags":[],"class_list":["post-1098","post","type-post","status-publish","format-standard","has-post-thumbnail","hentry","category-lo-ultimo"],"magazineBlocksPostFeaturedMedia":{"thumbnail":"https:\/\/radiocorporacion.com.pe\/wp-content\/uploads\/2026\/05\/image-92-150x150.jpg","medium":"https:\/\/radiocorporacion.com.pe\/wp-content\/uploads\/2026\/05\/image-92-300x213.jpg","medium_large":"https:\/\/radiocorporacion.com.pe\/wp-content\/uploads\/2026\/05\/image-92-768x545.jpg","large":"https:\/\/radiocorporacion.com.pe\/wp-content\/uploads\/2026\/05\/image-92-1024x726.jpg","1536x1536":"https:\/\/radiocorporacion.com.pe\/wp-content\/uploads\/2026\/05\/image-92-1536x1090.jpg","2048x2048":"https:\/\/radiocorporacion.com.pe\/wp-content\/uploads\/2026\/05\/image-92.jpg","colormag-highlighted-post":"https:\/\/radiocorporacion.com.pe\/wp-content\/uploads\/2026\/05\/image-92-392x272.jpg","colormag-featured-post-medium":"https:\/\/radiocorporacion.com.pe\/wp-content\/uploads\/2026\/05\/image-92-390x205.jpg","colormag-featured-post-small":"https:\/\/radiocorporacion.com.pe\/wp-content\/uploads\/2026\/05\/image-92-130x90.jpg","colormag-featured-image":"https:\/\/radiocorporacion.com.pe\/wp-content\/uploads\/2026\/05\/image-92-800x445.jpg","colormag-default-news":"https:\/\/radiocorporacion.com.pe\/wp-content\/uploads\/2026\/05\/image-92-150x150.jpg","colormag-featured-image-large":"https:\/\/radiocorporacion.com.pe\/wp-content\/uploads\/2026\/05\/image-92-1400x600.jpg"},"magazineBlocksPostAuthor":{"name":"Notas Corporacion","avatar":"https:\/\/secure.gravatar.com\/avatar\/b0424239fb0ab73301ee2fe15fa63952f8cc91a7008617235d24e486a66fa922?s=96&d=mm&r=g"},"magazineBlocksPostCommentsNumber":"0","magazineBlocksPostExcerpt":"Durante esta ceremonia, el alcalde provincial ratific\u00f3 su firme compromiso con la promoci\u00f3n y difusi\u00f3n de nuestras manifestaciones culturales, destacando","magazineBlocksPostCategories":["Lo \u00daltimo"],"magazineBlocksPostViewCount":16,"magazineBlocksPostReadTime":1,"magazine_blocks_featured_image_url":{"full":["https:\/\/radiocorporacion.com.pe\/wp-content\/uploads\/2026\/05\/image-92.jpg",1600,1135,false],"medium":["https:\/\/radiocorporacion.com.pe\/wp-content\/uploads\/2026\/05\/image-92-300x213.jpg",300,213,true],"thumbnail":["https:\/\/radiocorporacion.com.pe\/wp-content\/uploads\/2026\/05\/image-92-150x150.jpg",150,150,true]},"magazine_blocks_author":{"display_name":"Notas Corporacion","author_link":"https:\/\/radiocorporacion.com.pe\/?author=2"},"magazine_blocks_comment":0,"magazine_blocks_author_image":"https:\/\/secure.gravatar.com\/avatar\/b0424239fb0ab73301ee2fe15fa63952f8cc91a7008617235d24e486a66fa922?s=96&d=mm&r=g","magazine_blocks_category":"<a href=\"#\" class=\"category-link category-link-9\">Lo \u00daltimo<\/a>","_links":{"self":[{"href":"https:\/\/radiocorporacion.com.pe\/index.php?rest_route=\/wp\/v2\/posts\/1098","targetHints":{"allow":["GET"]}}],"collection":[{"href":"https:\/\/radiocorporacion.com.pe\/index.php?rest_route=\/wp\/v2\/posts"}],"about":[{"href":"https:\/\/radiocorporacion.com.pe\/index.php?rest_route=\/wp\/v2\/types\/post"}],"author":[{"embeddable":true,"href":"https:\/\/radiocorporacion.com.pe\/index.php?rest_route=\/wp\/v2\/users\/2"}],"replies":[{"embeddable":true,"href":"https:\/\/radiocorporacion.com.pe\/index.php?rest_route=%2Fwp%2Fv2%2Fcomments&post=1098"}],"version-history":[{"count":1,"href":"https:\/\/radiocorporacion.com.pe\/index.php?rest_route=\/wp\/v2\/posts\/1098\/revisions"}],"predecessor-version":[{"id":1106,"href":"https:\/\/radiocorporacion.com.pe\/index.php?rest_route=\/wp\/v2\/posts\/1098\/revisions\/1106"}],"wp:featuredmedia":[{"embeddable":true,"href":"https:\/\/radiocorporacion.com.pe\/index.php?rest_route=\/wp\/v2\/media\/1105"}],"wp:attachment":[{"href":"https:\/\/radiocorporacion.com.pe\/index.php?rest_route=%2Fwp%2Fv2%2Fmedia&parent=1098"}],"wp:term":[{"taxonomy":"category","embeddable":true,"href":"https:\/\/radiocorporacion.com.pe\/index.php?rest_route=%2Fwp%2Fv2%2Fcategories&post=1098"},{"taxonomy":"post_tag","embeddable":true,"href":"https:\/\/radiocorporacion.com.pe\/index.php?rest_route=%2Fwp%2Fv2%2Ftags&post=1098"}],"curies":[{"name":"wp","href":"https:\/\/api.w.org\/{rel}","templated":true}]}}