{"id":1110,"date":"2026-05-01T19:27:45","date_gmt":"2026-05-01T19:27:45","guid":{"rendered":"https:\/\/radiocorporacion.com.pe\/?p=1110"},"modified":"2026-05-01T19:27:45","modified_gmt":"2026-05-01T19:27:45","slug":"esta-es-la-ruta-de-la-chunguinada-cerrena-un-recorrido-que-conecta-historia-fe-y-tradicion-en-cada-capilla-de-cerro-de-pasco","status":"publish","type":"post","link":"https:\/\/radiocorporacion.com.pe\/?p=1110","title":{"rendered":"Esta es la Ruta de la Chunguinada Cerre\u00f1a, un recorrido que conecta historia, fe y tradici\u00f3n en cada capilla de Cerro de Pasco"},"content":{"rendered":"\n<p>A trav\u00e9s de esta ruta podr\u00e1s conocer los espacios donde vive una de las expresiones culturales m\u00e1s representativas de nuestra regi\u00f3n, rodeada de m\u00fasica, danza y devoci\u00f3n que se mantienen de generaci\u00f3n en generaci\u00f3n.<br>\ud83d\udccd Descubre y vive la esencia de la Chunguinada Cerre\u00f1a en su lugar de origen.<\/p>\n\n\n\n<figure class=\"wp-block-image size-large\"><img loading=\"lazy\" decoding=\"async\" width=\"724\" height=\"1024\" src=\"https:\/\/radiocorporacion.com.pe\/wp-content\/uploads\/2026\/05\/image-5-724x1024.png\" alt=\"\" class=\"wp-image-1112\" srcset=\"https:\/\/radiocorporacion.com.pe\/wp-content\/uploads\/2026\/05\/image-5-724x1024.png 724w, https:\/\/radiocorporacion.com.pe\/wp-content\/uploads\/2026\/05\/image-5-212x300.png 212w, https:\/\/radiocorporacion.com.pe\/wp-content\/uploads\/2026\/05\/image-5-768x1086.png 768w, https:\/\/radiocorporacion.com.pe\/wp-content\/uploads\/2026\/05\/image-5-1086x1536.png 1086w, https:\/\/radiocorporacion.com.pe\/wp-content\/uploads\/2026\/05\/image-5.png 1131w\" sizes=\"auto, (max-width: 724px) 100vw, 724px\" \/><\/figure>\n\n\n\n<figure class=\"wp-block-image size-large\"><img loading=\"lazy\" decoding=\"async\" width=\"724\" height=\"1024\" src=\"https:\/\/radiocorporacion.com.pe\/wp-content\/uploads\/2026\/05\/image-7-724x1024.png\" alt=\"\" class=\"wp-image-1114\" srcset=\"https:\/\/radiocorporacion.com.pe\/wp-content\/uploads\/2026\/05\/image-7-724x1024.png 724w, https:\/\/radiocorporacion.com.pe\/wp-content\/uploads\/2026\/05\/image-7-212x300.png 212w, https:\/\/radiocorporacion.com.pe\/wp-content\/uploads\/2026\/05\/image-7-768x1086.png 768w, https:\/\/radiocorporacion.com.pe\/wp-content\/uploads\/2026\/05\/image-7-1086x1536.png 1086w, https:\/\/radiocorporacion.com.pe\/wp-content\/uploads\/2026\/05\/image-7.png 1131w\" sizes=\"auto, (max-width: 724px) 100vw, 724px\" \/><\/figure>\n\n\n\n<figure class=\"wp-block-image size-large\"><img loading=\"lazy\" decoding=\"async\" width=\"724\" height=\"1024\" src=\"https:\/\/radiocorporacion.com.pe\/wp-content\/uploads\/2026\/05\/image-8-724x1024.png\" alt=\"\" class=\"wp-image-1115\" srcset=\"https:\/\/radiocorporacion.com.pe\/wp-content\/uploads\/2026\/05\/image-8-724x1024.png 724w, https:\/\/radiocorporacion.com.pe\/wp-content\/uploads\/2026\/05\/image-8-212x300.png 212w, https:\/\/radiocorporacion.com.pe\/wp-content\/uploads\/2026\/05\/image-8-768x1086.png 768w, https:\/\/radiocorporacion.com.pe\/wp-content\/uploads\/2026\/05\/image-8-1086x1536.png 1086w, https:\/\/radiocorporacion.com.pe\/wp-content\/uploads\/2026\/05\/image-8.png 1131w\" sizes=\"auto, (max-width: 724px) 100vw, 724px\" \/><\/figure>\n","protected":false},"excerpt":{"rendered":"<p>A trav\u00e9s de esta ruta podr\u00e1s conocer los espacios donde vive una de las expresiones culturales m\u00e1s representativas de nuestra<\/p>\n","protected":false},"author":2,"featured_media":1111,"comment_status":"open","ping_status":"open","sticky":false,"template":"","format":"standard","meta":{"colormag_page_container_layout":"default_layout","colormag_page_sidebar_layout":"default_layout","footnotes":""},"categories":[9],"tags":[],"class_list":["post-1110","post","type-post","status-publish","format-standard","has-post-thumbnail","hentry","category-lo-ultimo"],"magazineBlocksPostFeaturedMedia":{"thumbnail":"https:\/\/radiocorporacion.com.pe\/wp-content\/uploads\/2026\/05\/image-94-150x150.jpg","medium":"https:\/\/radiocorporacion.com.pe\/wp-content\/uploads\/2026\/05\/image-94-212x300.jpg","medium_large":"https:\/\/radiocorporacion.com.pe\/wp-content\/uploads\/2026\/05\/image-94-768x1086.jpg","large":"https:\/\/radiocorporacion.com.pe\/wp-content\/uploads\/2026\/05\/image-94-724x1024.jpg","1536x1536":"https:\/\/radiocorporacion.com.pe\/wp-content\/uploads\/2026\/05\/image-94-1086x1536.jpg","2048x2048":"https:\/\/radiocorporacion.com.pe\/wp-content\/uploads\/2026\/05\/image-94.jpg","colormag-highlighted-post":"https:\/\/radiocorporacion.com.pe\/wp-content\/uploads\/2026\/05\/image-94-392x272.jpg","colormag-featured-post-medium":"https:\/\/radiocorporacion.com.pe\/wp-content\/uploads\/2026\/05\/image-94-390x205.jpg","colormag-featured-post-small":"https:\/\/radiocorporacion.com.pe\/wp-content\/uploads\/2026\/05\/image-94-130x90.jpg","colormag-featured-image":"https:\/\/radiocorporacion.com.pe\/wp-content\/uploads\/2026\/05\/image-94-800x445.jpg","colormag-default-news":"https:\/\/radiocorporacion.com.pe\/wp-content\/uploads\/2026\/05\/image-94-150x150.jpg","colormag-featured-image-large":"https:\/\/radiocorporacion.com.pe\/wp-content\/uploads\/2026\/05\/image-94-1131x600.jpg"},"magazineBlocksPostAuthor":{"name":"Notas Corporacion","avatar":"https:\/\/secure.gravatar.com\/avatar\/b0424239fb0ab73301ee2fe15fa63952f8cc91a7008617235d24e486a66fa922?s=96&d=mm&r=g"},"magazineBlocksPostCommentsNumber":"0","magazineBlocksPostExcerpt":"A trav\u00e9s de esta ruta podr\u00e1s conocer los espacios donde vive una de las expresiones culturales m\u00e1s representativas de nuestra","magazineBlocksPostCategories":["Lo \u00daltimo"],"magazineBlocksPostViewCount":16,"magazineBlocksPostReadTime":1,"magazine_blocks_featured_image_url":{"full":["https:\/\/radiocorporacion.com.pe\/wp-content\/uploads\/2026\/05\/image-94.jpg",1131,1600,false],"medium":["https:\/\/radiocorporacion.com.pe\/wp-content\/uploads\/2026\/05\/image-94-212x300.jpg",212,300,true],"thumbnail":["https:\/\/radiocorporacion.com.pe\/wp-content\/uploads\/2026\/05\/image-94-150x150.jpg",150,150,true]},"magazine_blocks_author":{"display_name":"Notas Corporacion","author_link":"https:\/\/radiocorporacion.com.pe\/?author=2"},"magazine_blocks_comment":0,"magazine_blocks_author_image":"https:\/\/secure.gravatar.com\/avatar\/b0424239fb0ab73301ee2fe15fa63952f8cc91a7008617235d24e486a66fa922?s=96&d=mm&r=g","magazine_blocks_category":"<a href=\"#\" class=\"category-link category-link-9\">Lo \u00daltimo<\/a>","_links":{"self":[{"href":"https:\/\/radiocorporacion.com.pe\/index.php?rest_route=\/wp\/v2\/posts\/1110","targetHints":{"allow":["GET"]}}],"collection":[{"href":"https:\/\/radiocorporacion.com.pe\/index.php?rest_route=\/wp\/v2\/posts"}],"about":[{"href":"https:\/\/radiocorporacion.com.pe\/index.php?rest_route=\/wp\/v2\/types\/post"}],"author":[{"embeddable":true,"href":"https:\/\/radiocorporacion.com.pe\/index.php?rest_route=\/wp\/v2\/users\/2"}],"replies":[{"embeddable":true,"href":"https:\/\/radiocorporacion.com.pe\/index.php?rest_route=%2Fwp%2Fv2%2Fcomments&post=1110"}],"version-history":[{"count":1,"href":"https:\/\/radiocorporacion.com.pe\/index.php?rest_route=\/wp\/v2\/posts\/1110\/revisions"}],"predecessor-version":[{"id":1116,"href":"https:\/\/radiocorporacion.com.pe\/index.php?rest_route=\/wp\/v2\/posts\/1110\/revisions\/1116"}],"wp:featuredmedia":[{"embeddable":true,"href":"https:\/\/radiocorporacion.com.pe\/index.php?rest_route=\/wp\/v2\/media\/1111"}],"wp:attachment":[{"href":"https:\/\/radiocorporacion.com.pe\/index.php?rest_route=%2Fwp%2Fv2%2Fmedia&parent=1110"}],"wp:term":[{"taxonomy":"category","embeddable":true,"href":"https:\/\/radiocorporacion.com.pe\/index.php?rest_route=%2Fwp%2Fv2%2Fcategories&post=1110"},{"taxonomy":"post_tag","embeddable":true,"href":"https:\/\/radiocorporacion.com.pe\/index.php?rest_route=%2Fwp%2Fv2%2Ftags&post=1110"}],"curies":[{"name":"wp","href":"https:\/\/api.w.org\/{rel}","templated":true}]}}