{"id":785,"date":"2026-04-07T16:30:44","date_gmt":"2026-04-07T16:30:44","guid":{"rendered":"https:\/\/radiocorporacion.com.pe\/?p=785"},"modified":"2026-04-07T16:30:44","modified_gmt":"2026-04-07T16:30:44","slug":"espinoza-rechazo-propuesta-de-tomas-galvez-para-que-habilitacion-profesional-deje-de-ser-obligatoria-para-fiscales","status":"publish","type":"post","link":"https:\/\/radiocorporacion.com.pe\/?p=785","title":{"rendered":"Espinoza rechaz\u00f3 propuesta de Tom\u00e1s G\u00e1lvez para que habilitaci\u00f3n profesional deje de ser obligatoria para fiscales"},"content":{"rendered":"\n<p>Este lunes, la exfiscal de la Naci\u00f3n Delia Espinoza jur\u00f3 como decana del Colegio de Abogados de Lima (CAL) en una ceremonia de investidura llevada a cabo en la sede principal del gremio.<\/p>\n\n\n\n<p>En su primer discurso oficial, la exmagistrada se refiri\u00f3 a diversos asuntos relacionados con el gremio, incluyendo el reciente proyecto de ley impulsado por el fiscal de la Naci\u00f3n, Tom\u00e1s G\u00e1lvez, que propone eliminar la exigencia de habilitaci\u00f3n profesional de los colegios de abogados como requisito para continuar en el cargo de fiscal.<\/p>\n\n\n\n<p>Asimismo, Espinoza rechaz\u00f3 la iniciativa y advirti\u00f3 que vulnera \u201clas atribuciones constitucionales y legales\u201d del CAL. Asimismo, sostuvo que su aprobaci\u00f3n fomentar\u00eda \u201cla falta de valores morales en la profesi\u00f3n de abogado\u201d.<br>\u201cEs el caso que ahora, desde la Fiscal\u00eda de la Naci\u00f3n, se ha presentado un proyecto de ley para modificar el art\u00edculo 4 de la Carrera Fiscal con la finalidad de que la habilitaci\u00f3n, en cualquier colegio de abogados del pa\u00eds deje de ser un requisito para la continuidad de los fiscales en sus funciones\u201d, sostuvo.<\/p>\n\n\n\n<p>\u201cRechazamos enf\u00e1ticamente ese pretendido proyecto de ley que lo que est\u00e1 haciendo es pretender debilitar las atribuciones constitucionales y legales del Colegio de Abogados de Lima y de los dem\u00e1s colegios de abogados del Per\u00fa con un oscuro inter\u00e9s, o no tan oscuro, ya evidente de generar impunidad, de promover la falta de \u00e9tica, de promover la falta de valores morales en la profesi\u00f3n de abogado\u201d, agreg\u00f3.<\/p>\n","protected":false},"excerpt":{"rendered":"<p>Este lunes, la exfiscal de la Naci\u00f3n Delia Espinoza jur\u00f3 como decana del Colegio de Abogados de Lima (CAL) en<\/p>\n","protected":false},"author":2,"featured_media":786,"comment_status":"open","ping_status":"open","sticky":false,"template":"","format":"standard","meta":{"colormag_page_container_layout":"default_layout","colormag_page_sidebar_layout":"default_layout","footnotes":""},"categories":[9],"tags":[],"class_list":["post-785","post","type-post","status-publish","format-standard","has-post-thumbnail","hentry","category-lo-ultimo"],"magazineBlocksPostFeaturedMedia":{"thumbnail":"https:\/\/radiocorporacion.com.pe\/wp-content\/uploads\/2026\/04\/image-56-2-150x150.jpg","medium":"https:\/\/radiocorporacion.com.pe\/wp-content\/uploads\/2026\/04\/image-56-2-300x200.jpg","medium_large":"https:\/\/radiocorporacion.com.pe\/wp-content\/uploads\/2026\/04\/image-56-2-768x512.jpg","large":"https:\/\/radiocorporacion.com.pe\/wp-content\/uploads\/2026\/04\/image-56-2-1024x683.jpg","1536x1536":"https:\/\/radiocorporacion.com.pe\/wp-content\/uploads\/2026\/04\/image-56-2.jpg","2048x2048":"https:\/\/radiocorporacion.com.pe\/wp-content\/uploads\/2026\/04\/image-56-2.jpg","colormag-highlighted-post":"https:\/\/radiocorporacion.com.pe\/wp-content\/uploads\/2026\/04\/image-56-2-392x272.jpg","colormag-featured-post-medium":"https:\/\/radiocorporacion.com.pe\/wp-content\/uploads\/2026\/04\/image-56-2-390x205.jpg","colormag-featured-post-small":"https:\/\/radiocorporacion.com.pe\/wp-content\/uploads\/2026\/04\/image-56-2-130x90.jpg","colormag-featured-image":"https:\/\/radiocorporacion.com.pe\/wp-content\/uploads\/2026\/04\/image-56-2-800x445.jpg","colormag-default-news":"https:\/\/radiocorporacion.com.pe\/wp-content\/uploads\/2026\/04\/image-56-2-150x150.jpg","colormag-featured-image-large":"https:\/\/radiocorporacion.com.pe\/wp-content\/uploads\/2026\/04\/image-56-2-1200x600.jpg"},"magazineBlocksPostAuthor":{"name":"Notas Corporacion","avatar":"https:\/\/secure.gravatar.com\/avatar\/b0424239fb0ab73301ee2fe15fa63952f8cc91a7008617235d24e486a66fa922?s=96&d=mm&r=g"},"magazineBlocksPostCommentsNumber":"0","magazineBlocksPostExcerpt":"Este lunes, la exfiscal de la Naci\u00f3n Delia Espinoza jur\u00f3 como decana del Colegio de Abogados de Lima (CAL) en","magazineBlocksPostCategories":["Lo \u00daltimo"],"magazineBlocksPostViewCount":99,"magazineBlocksPostReadTime":2,"magazine_blocks_featured_image_url":{"full":["https:\/\/radiocorporacion.com.pe\/wp-content\/uploads\/2026\/04\/image-56-2.jpg",1200,800,false],"medium":["https:\/\/radiocorporacion.com.pe\/wp-content\/uploads\/2026\/04\/image-56-2-300x200.jpg",300,200,true],"thumbnail":["https:\/\/radiocorporacion.com.pe\/wp-content\/uploads\/2026\/04\/image-56-2-150x150.jpg",150,150,true]},"magazine_blocks_author":{"display_name":"Notas Corporacion","author_link":"https:\/\/radiocorporacion.com.pe\/?author=2"},"magazine_blocks_comment":0,"magazine_blocks_author_image":"https:\/\/secure.gravatar.com\/avatar\/b0424239fb0ab73301ee2fe15fa63952f8cc91a7008617235d24e486a66fa922?s=96&d=mm&r=g","magazine_blocks_category":"<a href=\"#\" class=\"category-link category-link-9\">Lo \u00daltimo<\/a>","_links":{"self":[{"href":"https:\/\/radiocorporacion.com.pe\/index.php?rest_route=\/wp\/v2\/posts\/785","targetHints":{"allow":["GET"]}}],"collection":[{"href":"https:\/\/radiocorporacion.com.pe\/index.php?rest_route=\/wp\/v2\/posts"}],"about":[{"href":"https:\/\/radiocorporacion.com.pe\/index.php?rest_route=\/wp\/v2\/types\/post"}],"author":[{"embeddable":true,"href":"https:\/\/radiocorporacion.com.pe\/index.php?rest_route=\/wp\/v2\/users\/2"}],"replies":[{"embeddable":true,"href":"https:\/\/radiocorporacion.com.pe\/index.php?rest_route=%2Fwp%2Fv2%2Fcomments&post=785"}],"version-history":[{"count":1,"href":"https:\/\/radiocorporacion.com.pe\/index.php?rest_route=\/wp\/v2\/posts\/785\/revisions"}],"predecessor-version":[{"id":787,"href":"https:\/\/radiocorporacion.com.pe\/index.php?rest_route=\/wp\/v2\/posts\/785\/revisions\/787"}],"wp:featuredmedia":[{"embeddable":true,"href":"https:\/\/radiocorporacion.com.pe\/index.php?rest_route=\/wp\/v2\/media\/786"}],"wp:attachment":[{"href":"https:\/\/radiocorporacion.com.pe\/index.php?rest_route=%2Fwp%2Fv2%2Fmedia&parent=785"}],"wp:term":[{"taxonomy":"category","embeddable":true,"href":"https:\/\/radiocorporacion.com.pe\/index.php?rest_route=%2Fwp%2Fv2%2Fcategories&post=785"},{"taxonomy":"post_tag","embeddable":true,"href":"https:\/\/radiocorporacion.com.pe\/index.php?rest_route=%2Fwp%2Fv2%2Ftags&post=785"}],"curies":[{"name":"wp","href":"https:\/\/api.w.org\/{rel}","templated":true}]}}