{"id":788,"date":"2026-04-07T16:32:36","date_gmt":"2026-04-07T16:32:36","guid":{"rendered":"https:\/\/radiocorporacion.com.pe\/?p=788"},"modified":"2026-04-07T16:32:36","modified_gmt":"2026-04-07T16:32:36","slug":"a-juntar-agua-cuatro-distritos-de-lima-no-tendran-agua-este-06-y-07-de-abril-segun-sedapal","status":"publish","type":"post","link":"https:\/\/radiocorporacion.com.pe\/?p=788","title":{"rendered":"\u00a1A juntar agua! Cuatro distritos de Lima no tendr\u00e1n agua este 06 y 07 de abril, seg\u00fan Sedapal"},"content":{"rendered":"\n<p>El Servicio de Agua Potable y Alcantarillado de Lima (Sedapal) anunci\u00f3 la interrupci\u00f3n temporal del suministro de agua para este lunes 6 y martes 7 de abril. En el marco de las labores de limpieza y mantenimiento de reservorios para garantizar la calidad del servicio, la medida impactar\u00e1 a cuatro distritos de Lima Metropolitana.<br>Seg\u00fan lo informado, los cortes comenzar\u00e1n desde las 8:00 a. m. en determinadas \u00e1reas y, en algunos casos, podr\u00edan prolongarse hasta por 9 horas. Ante ello, Sedapal pidi\u00f3 a la poblaci\u00f3n tomar las precauciones necesarias.<\/p>\n\n\n\n<p>Estos distritos tienen un corte de agua programado este 6 de abril<br>Para este inicio de semana, los distritos de Ate, Lurigancho y San Juan de Lurigancho no contar\u00e1n con el servicio de agua potable. A continuaci\u00f3n, se detallan las zonas afectadas:<br>San Juan de Lurigancho<br>Hora del corte: desde las 11.00 a. m. hasta las 11.55 p. m.<br>Zonas afectadas: P.J. Canto Chico, P.J. Sangrado Madero, A.H. Coraz\u00f3n de Jes\u00fas Sector Los \u00c1ngeles, AF Lomas de Sagrado Madero, P.J. Nuevo Per\u00fa Sector Ampliaci\u00f3n, Nuevo Per\u00fa, A.H. Kawachi, A.H. Casuarinas, A.H. Casuarinas Ampliaci\u00f3n, A.H. Nuevo Per\u00fa, AF Nuevo Per\u00fa 2.\u00b0 Etapa, P.J. Canto Chico, AF Monte Sina\u00ed, AF Nuevo Amanecer, A.H. Santa Rosa de Lima Parcela A Sector Sagrado Coraz\u00f3n de Jes\u00fas, Asoc. Brisas, Asoc. Juventud Unida, Agru. Las Lomas de Montreal, A.H. Santa Rosa Sector Terrazas de Canto Grande, A.H. 15 de Enero, A.H. 15 de Enero Ampliaci\u00f3n, Agru. Los Portales de Las Flores y Agru. 15 de Enero Primavera.<\/p>\n","protected":false},"excerpt":{"rendered":"<p>El Servicio de Agua Potable y Alcantarillado de Lima (Sedapal) anunci\u00f3 la interrupci\u00f3n temporal del suministro de agua para este<\/p>\n","protected":false},"author":2,"featured_media":789,"comment_status":"open","ping_status":"open","sticky":false,"template":"","format":"standard","meta":{"colormag_page_container_layout":"default_layout","colormag_page_sidebar_layout":"default_layout","footnotes":""},"categories":[9],"tags":[],"class_list":["post-788","post","type-post","status-publish","format-standard","has-post-thumbnail","hentry","category-lo-ultimo"],"magazineBlocksPostFeaturedMedia":{"thumbnail":"https:\/\/radiocorporacion.com.pe\/wp-content\/uploads\/2026\/04\/image-73-2-150x150.jpg","medium":"https:\/\/radiocorporacion.com.pe\/wp-content\/uploads\/2026\/04\/image-73-2-300x177.jpg","medium_large":"https:\/\/radiocorporacion.com.pe\/wp-content\/uploads\/2026\/04\/image-73-2-768x453.jpg","large":"https:\/\/radiocorporacion.com.pe\/wp-content\/uploads\/2026\/04\/image-73-2.jpg","1536x1536":"https:\/\/radiocorporacion.com.pe\/wp-content\/uploads\/2026\/04\/image-73-2.jpg","2048x2048":"https:\/\/radiocorporacion.com.pe\/wp-content\/uploads\/2026\/04\/image-73-2.jpg","colormag-highlighted-post":"https:\/\/radiocorporacion.com.pe\/wp-content\/uploads\/2026\/04\/image-73-2-392x272.jpg","colormag-featured-post-medium":"https:\/\/radiocorporacion.com.pe\/wp-content\/uploads\/2026\/04\/image-73-2-390x205.jpg","colormag-featured-post-small":"https:\/\/radiocorporacion.com.pe\/wp-content\/uploads\/2026\/04\/image-73-2-130x90.jpg","colormag-featured-image":"https:\/\/radiocorporacion.com.pe\/wp-content\/uploads\/2026\/04\/image-73-2-800x445.jpg","colormag-default-news":"https:\/\/radiocorporacion.com.pe\/wp-content\/uploads\/2026\/04\/image-73-2-150x150.jpg","colormag-featured-image-large":"https:\/\/radiocorporacion.com.pe\/wp-content\/uploads\/2026\/04\/image-73-2.jpg"},"magazineBlocksPostAuthor":{"name":"Notas Corporacion","avatar":"https:\/\/secure.gravatar.com\/avatar\/b0424239fb0ab73301ee2fe15fa63952f8cc91a7008617235d24e486a66fa922?s=96&d=mm&r=g"},"magazineBlocksPostCommentsNumber":"0","magazineBlocksPostExcerpt":"El Servicio de Agua Potable y Alcantarillado de Lima (Sedapal) anunci\u00f3 la interrupci\u00f3n temporal del suministro de agua para este","magazineBlocksPostCategories":["Lo \u00daltimo"],"magazineBlocksPostViewCount":87,"magazineBlocksPostReadTime":2,"magazine_blocks_featured_image_url":{"full":["https:\/\/radiocorporacion.com.pe\/wp-content\/uploads\/2026\/04\/image-73-2.jpg",850,501,false],"medium":["https:\/\/radiocorporacion.com.pe\/wp-content\/uploads\/2026\/04\/image-73-2-300x177.jpg",300,177,true],"thumbnail":["https:\/\/radiocorporacion.com.pe\/wp-content\/uploads\/2026\/04\/image-73-2-150x150.jpg",150,150,true]},"magazine_blocks_author":{"display_name":"Notas Corporacion","author_link":"https:\/\/radiocorporacion.com.pe\/?author=2"},"magazine_blocks_comment":0,"magazine_blocks_author_image":"https:\/\/secure.gravatar.com\/avatar\/b0424239fb0ab73301ee2fe15fa63952f8cc91a7008617235d24e486a66fa922?s=96&d=mm&r=g","magazine_blocks_category":"<a href=\"#\" class=\"category-link category-link-9\">Lo \u00daltimo<\/a>","_links":{"self":[{"href":"https:\/\/radiocorporacion.com.pe\/index.php?rest_route=\/wp\/v2\/posts\/788","targetHints":{"allow":["GET"]}}],"collection":[{"href":"https:\/\/radiocorporacion.com.pe\/index.php?rest_route=\/wp\/v2\/posts"}],"about":[{"href":"https:\/\/radiocorporacion.com.pe\/index.php?rest_route=\/wp\/v2\/types\/post"}],"author":[{"embeddable":true,"href":"https:\/\/radiocorporacion.com.pe\/index.php?rest_route=\/wp\/v2\/users\/2"}],"replies":[{"embeddable":true,"href":"https:\/\/radiocorporacion.com.pe\/index.php?rest_route=%2Fwp%2Fv2%2Fcomments&post=788"}],"version-history":[{"count":1,"href":"https:\/\/radiocorporacion.com.pe\/index.php?rest_route=\/wp\/v2\/posts\/788\/revisions"}],"predecessor-version":[{"id":790,"href":"https:\/\/radiocorporacion.com.pe\/index.php?rest_route=\/wp\/v2\/posts\/788\/revisions\/790"}],"wp:featuredmedia":[{"embeddable":true,"href":"https:\/\/radiocorporacion.com.pe\/index.php?rest_route=\/wp\/v2\/media\/789"}],"wp:attachment":[{"href":"https:\/\/radiocorporacion.com.pe\/index.php?rest_route=%2Fwp%2Fv2%2Fmedia&parent=788"}],"wp:term":[{"taxonomy":"category","embeddable":true,"href":"https:\/\/radiocorporacion.com.pe\/index.php?rest_route=%2Fwp%2Fv2%2Fcategories&post=788"},{"taxonomy":"post_tag","embeddable":true,"href":"https:\/\/radiocorporacion.com.pe\/index.php?rest_route=%2Fwp%2Fv2%2Ftags&post=788"}],"curies":[{"name":"wp","href":"https:\/\/api.w.org\/{rel}","templated":true}]}}