{"id":794,"date":"2026-04-07T16:35:31","date_gmt":"2026-04-07T16:35:31","guid":{"rendered":"https:\/\/radiocorporacion.com.pe\/?p=794"},"modified":"2026-04-07T16:35:31","modified_gmt":"2026-04-07T16:35:31","slug":"el-ministerio-de-defensa-de-israel-anuncia-un-plan-para-acelerar-la-fabricacion-de-misiles-arrow","status":"publish","type":"post","link":"https:\/\/radiocorporacion.com.pe\/?p=794","title":{"rendered":"El Ministerio de Defensa de Israel anuncia un plan para acelerar la fabricaci\u00f3n de misiles Arrow"},"content":{"rendered":"\n<p>La producci\u00f3n del interceptor Arrow se incrementar\u00e1 a un ritmo sin precedentes luego de la aprobaci\u00f3n, por parte del Comit\u00e9 Ministerial para Adquisiciones de Israel, del plan presentado por el Ministerio de Defensa. Esta decisi\u00f3n permitir\u00e1 aumentar significativamente tanto la tasa de fabricaci\u00f3n como las reservas del sistema Arrow, seg\u00fan inform\u00f3 el propio ministerio.<br>El refuerzo de la defensa a\u00e9rea se perfila como una respuesta directa a la intensificaci\u00f3n del conflicto actual con el r\u00e9gimen de Ir\u00e1n, con el fin de garantizar que la capacidad operativa y el margen de acci\u00f3n de Israel permanezcan intactos durante el tiempo que amerite el enfrentamiento.<\/p>\n\n\n\n<p>Una de las novedades resaltadas en las \u00faltimas fases de desarrollo del programa es el aumento sostenido del ritmo de producci\u00f3n mensual, una tendencia que se ha consolidado desde el inicio de la operaci\u00f3n Roaring Lion, seg\u00fan precis\u00f3 el director general del Ministerio de Defensa, el mayor general retirado Amir Baram.<br>\u201cLas medidas tomadas desde el comienzo junto a la industria han sido fundamentales para asegurar la resistencia operativa de las Fuerzas de Defensa de Israel\u201d, afirm\u00f3 Baram, quien adelant\u00f3 que la reciente aprobaci\u00f3n presupuestaria permitir\u00e1 reforzar la preparaci\u00f3n ante los pr\u00f3ximos desaf\u00edos de seguridad.<\/p>\n\n\n\n<p>El sistema Arrow tras los ataques desde Ir\u00e1n y Yemen<br>La aceleraci\u00f3n en la fabricaci\u00f3n de los interceptores Arrow responde a la necesidad de fortalecer el segmento superior de la defensa israel\u00ed frente a amenazas bal\u00edsticas de largo alcance. El ministro de defensa, Israel Katz, detall\u00f3 que Israel cuenta actualmente con reservas suficientes de interceptores para resguardar a la poblaci\u00f3n, mientras que la agilizaci\u00f3n de la l\u00ednea de montaje apunta a mantener la libertad de acci\u00f3n y \u201cla intensidad operativa que la situaci\u00f3n exige\u201d.<\/p>\n","protected":false},"excerpt":{"rendered":"<p>La producci\u00f3n del interceptor Arrow se incrementar\u00e1 a un ritmo sin precedentes luego de la aprobaci\u00f3n, por parte del Comit\u00e9<\/p>\n","protected":false},"author":2,"featured_media":795,"comment_status":"open","ping_status":"open","sticky":false,"template":"","format":"standard","meta":{"colormag_page_container_layout":"default_layout","colormag_page_sidebar_layout":"default_layout","footnotes":""},"categories":[14],"tags":[],"class_list":["post-794","post","type-post","status-publish","format-standard","has-post-thumbnail","hentry","category-mundo"],"magazineBlocksPostFeaturedMedia":{"thumbnail":"https:\/\/radiocorporacion.com.pe\/wp-content\/uploads\/2026\/04\/image-75-1-150x150.jpg","medium":"https:\/\/radiocorporacion.com.pe\/wp-content\/uploads\/2026\/04\/image-75-1-300x169.jpg","medium_large":"https:\/\/radiocorporacion.com.pe\/wp-content\/uploads\/2026\/04\/image-75-1-768x432.jpg","large":"https:\/\/radiocorporacion.com.pe\/wp-content\/uploads\/2026\/04\/image-75-1.jpg","1536x1536":"https:\/\/radiocorporacion.com.pe\/wp-content\/uploads\/2026\/04\/image-75-1.jpg","2048x2048":"https:\/\/radiocorporacion.com.pe\/wp-content\/uploads\/2026\/04\/image-75-1.jpg","colormag-highlighted-post":"https:\/\/radiocorporacion.com.pe\/wp-content\/uploads\/2026\/04\/image-75-1-392x272.jpg","colormag-featured-post-medium":"https:\/\/radiocorporacion.com.pe\/wp-content\/uploads\/2026\/04\/image-75-1-390x205.jpg","colormag-featured-post-small":"https:\/\/radiocorporacion.com.pe\/wp-content\/uploads\/2026\/04\/image-75-1-130x90.jpg","colormag-featured-image":"https:\/\/radiocorporacion.com.pe\/wp-content\/uploads\/2026\/04\/image-75-1-800x445.jpg","colormag-default-news":"https:\/\/radiocorporacion.com.pe\/wp-content\/uploads\/2026\/04\/image-75-1-150x150.jpg","colormag-featured-image-large":"https:\/\/radiocorporacion.com.pe\/wp-content\/uploads\/2026\/04\/image-75-1.jpg"},"magazineBlocksPostAuthor":{"name":"Notas Corporacion","avatar":"https:\/\/secure.gravatar.com\/avatar\/b0424239fb0ab73301ee2fe15fa63952f8cc91a7008617235d24e486a66fa922?s=96&d=mm&r=g"},"magazineBlocksPostCommentsNumber":"0","magazineBlocksPostExcerpt":"La producci\u00f3n del interceptor Arrow se incrementar\u00e1 a un ritmo sin precedentes luego de la aprobaci\u00f3n, por parte del Comit\u00e9","magazineBlocksPostCategories":["Mundo"],"magazineBlocksPostViewCount":42,"magazineBlocksPostReadTime":2,"magazine_blocks_featured_image_url":{"full":["https:\/\/radiocorporacion.com.pe\/wp-content\/uploads\/2026\/04\/image-75-1.jpg",992,558,false],"medium":["https:\/\/radiocorporacion.com.pe\/wp-content\/uploads\/2026\/04\/image-75-1-300x169.jpg",300,169,true],"thumbnail":["https:\/\/radiocorporacion.com.pe\/wp-content\/uploads\/2026\/04\/image-75-1-150x150.jpg",150,150,true]},"magazine_blocks_author":{"display_name":"Notas Corporacion","author_link":"https:\/\/radiocorporacion.com.pe\/?author=2"},"magazine_blocks_comment":0,"magazine_blocks_author_image":"https:\/\/secure.gravatar.com\/avatar\/b0424239fb0ab73301ee2fe15fa63952f8cc91a7008617235d24e486a66fa922?s=96&d=mm&r=g","magazine_blocks_category":"<a href=\"#\" class=\"category-link category-link-14\">Mundo<\/a>","_links":{"self":[{"href":"https:\/\/radiocorporacion.com.pe\/index.php?rest_route=\/wp\/v2\/posts\/794","targetHints":{"allow":["GET"]}}],"collection":[{"href":"https:\/\/radiocorporacion.com.pe\/index.php?rest_route=\/wp\/v2\/posts"}],"about":[{"href":"https:\/\/radiocorporacion.com.pe\/index.php?rest_route=\/wp\/v2\/types\/post"}],"author":[{"embeddable":true,"href":"https:\/\/radiocorporacion.com.pe\/index.php?rest_route=\/wp\/v2\/users\/2"}],"replies":[{"embeddable":true,"href":"https:\/\/radiocorporacion.com.pe\/index.php?rest_route=%2Fwp%2Fv2%2Fcomments&post=794"}],"version-history":[{"count":1,"href":"https:\/\/radiocorporacion.com.pe\/index.php?rest_route=\/wp\/v2\/posts\/794\/revisions"}],"predecessor-version":[{"id":796,"href":"https:\/\/radiocorporacion.com.pe\/index.php?rest_route=\/wp\/v2\/posts\/794\/revisions\/796"}],"wp:featuredmedia":[{"embeddable":true,"href":"https:\/\/radiocorporacion.com.pe\/index.php?rest_route=\/wp\/v2\/media\/795"}],"wp:attachment":[{"href":"https:\/\/radiocorporacion.com.pe\/index.php?rest_route=%2Fwp%2Fv2%2Fmedia&parent=794"}],"wp:term":[{"taxonomy":"category","embeddable":true,"href":"https:\/\/radiocorporacion.com.pe\/index.php?rest_route=%2Fwp%2Fv2%2Fcategories&post=794"},{"taxonomy":"post_tag","embeddable":true,"href":"https:\/\/radiocorporacion.com.pe\/index.php?rest_route=%2Fwp%2Fv2%2Ftags&post=794"}],"curies":[{"name":"wp","href":"https:\/\/api.w.org\/{rel}","templated":true}]}}