{"id":797,"date":"2026-04-07T16:37:29","date_gmt":"2026-04-07T16:37:29","guid":{"rendered":"https:\/\/radiocorporacion.com.pe\/?p=797"},"modified":"2026-04-07T16:37:29","modified_gmt":"2026-04-07T16:37:29","slug":"los-3-paises-cuyos-trabajadores-reciben-el-sueldo-minimo-mas-alto-en-america-latina","status":"publish","type":"post","link":"https:\/\/radiocorporacion.com.pe\/?p=797","title":{"rendered":"Los 3 pa\u00edses cuyos trabajadores reciben el sueldo m\u00ednimo m\u00e1s alto en Am\u00e9rica Latina"},"content":{"rendered":"\n<p>Am\u00e9rica Latina enfrenta desigualdades significativas en los ingresos b\u00e1sicos de su fuerza laboral formal en este 2026. Aunque se han observado aumentos en los salarios, solo un peque\u00f1o n\u00famero de pa\u00edses logra superar el umbral de los US$600 mensuales gracias a la estabilidad macroecon\u00f3mica y las pol\u00edticas gubernamentales. Esta situaci\u00f3n pone de manifiesto que, a pesar de los incrementos generales, persisten notables desigualdades que afectan el bienestar econ\u00f3mico de los trabajadores en la regi\u00f3n.<br>De acuerdo con Bloomberg L\u00ednea y otras fuentes de an\u00e1lisis econ\u00f3mico regional, el salario m\u00ednimo legal sigue siendo un indicador clave de las condiciones laborales. Aunque los recientes ajustes han intentado mitigar el impacto de la inflaci\u00f3n, el poder adquisitivo real de estos ingresos contin\u00faa siendo un reto para la mayor\u00eda de las econom\u00edas latinoamericanas. En el caso de Per\u00fa, no supera los US$400 al mes.<br>Los l\u00edderes salariales de la regi\u00f3n en 2026<br>Costa Rica lidera el ranking regional con el salario m\u00ednimo m\u00e1s alto de Latinoam\u00e9rica. El ingreso establecido para trabajos no calificados alcanza los US$751 mensuales, superando ampliamente la realidad econ\u00f3mica de sus pa\u00edses vecinos.<br>Uruguay ocupa el segundo lugar en la lista con un ingreso mensual de aproximadamente US$648. Este valor es el resultado de ajustes graduales acordados en negociaciones tripartitas entre el gobierno, empresarios y sindicatos. La estabilidad en estas negociaciones permite que los trabajadores uruguayos mantengan un poder adquisitivo competitivo en el contexto sudamericano actual.<\/p>\n\n\n\n<p>Panam\u00e1 completa este podio financiero con un salario promedio cercano a los US$637. Aunque existen variaciones seg\u00fan el sector y la actividad econ\u00f3mica espec\u00edfica, el pa\u00eds canalero se consolida entre los tres primeros puestos. Estas cifras reflejan las pol\u00edticas laborales vigentes que buscan equilibrar el costo de vida con la productividad nacional.<\/p>\n","protected":false},"excerpt":{"rendered":"<p>Am\u00e9rica Latina enfrenta desigualdades significativas en los ingresos b\u00e1sicos de su fuerza laboral formal en este 2026. Aunque se han<\/p>\n","protected":false},"author":2,"featured_media":798,"comment_status":"open","ping_status":"open","sticky":false,"template":"","format":"standard","meta":{"colormag_page_container_layout":"default_layout","colormag_page_sidebar_layout":"default_layout","footnotes":""},"categories":[14],"tags":[],"class_list":["post-797","post","type-post","status-publish","format-standard","has-post-thumbnail","hentry","category-mundo"],"magazineBlocksPostFeaturedMedia":{"thumbnail":"https:\/\/radiocorporacion.com.pe\/wp-content\/uploads\/2026\/04\/image-76-1-150x150.jpg","medium":"https:\/\/radiocorporacion.com.pe\/wp-content\/uploads\/2026\/04\/image-76-1-300x177.jpg","medium_large":"https:\/\/radiocorporacion.com.pe\/wp-content\/uploads\/2026\/04\/image-76-1-768x453.jpg","large":"https:\/\/radiocorporacion.com.pe\/wp-content\/uploads\/2026\/04\/image-76-1.jpg","1536x1536":"https:\/\/radiocorporacion.com.pe\/wp-content\/uploads\/2026\/04\/image-76-1.jpg","2048x2048":"https:\/\/radiocorporacion.com.pe\/wp-content\/uploads\/2026\/04\/image-76-1.jpg","colormag-highlighted-post":"https:\/\/radiocorporacion.com.pe\/wp-content\/uploads\/2026\/04\/image-76-1-392x272.jpg","colormag-featured-post-medium":"https:\/\/radiocorporacion.com.pe\/wp-content\/uploads\/2026\/04\/image-76-1-390x205.jpg","colormag-featured-post-small":"https:\/\/radiocorporacion.com.pe\/wp-content\/uploads\/2026\/04\/image-76-1-130x90.jpg","colormag-featured-image":"https:\/\/radiocorporacion.com.pe\/wp-content\/uploads\/2026\/04\/image-76-1-800x445.jpg","colormag-default-news":"https:\/\/radiocorporacion.com.pe\/wp-content\/uploads\/2026\/04\/image-76-1-150x150.jpg","colormag-featured-image-large":"https:\/\/radiocorporacion.com.pe\/wp-content\/uploads\/2026\/04\/image-76-1.jpg"},"magazineBlocksPostAuthor":{"name":"Notas Corporacion","avatar":"https:\/\/secure.gravatar.com\/avatar\/b0424239fb0ab73301ee2fe15fa63952f8cc91a7008617235d24e486a66fa922?s=96&d=mm&r=g"},"magazineBlocksPostCommentsNumber":"0","magazineBlocksPostExcerpt":"Am\u00e9rica Latina enfrenta desigualdades significativas en los ingresos b\u00e1sicos de su fuerza laboral formal en este 2026. Aunque se han","magazineBlocksPostCategories":["Mundo"],"magazineBlocksPostViewCount":48,"magazineBlocksPostReadTime":2,"magazine_blocks_featured_image_url":{"full":["https:\/\/radiocorporacion.com.pe\/wp-content\/uploads\/2026\/04\/image-76-1.jpg",850,501,false],"medium":["https:\/\/radiocorporacion.com.pe\/wp-content\/uploads\/2026\/04\/image-76-1-300x177.jpg",300,177,true],"thumbnail":["https:\/\/radiocorporacion.com.pe\/wp-content\/uploads\/2026\/04\/image-76-1-150x150.jpg",150,150,true]},"magazine_blocks_author":{"display_name":"Notas Corporacion","author_link":"https:\/\/radiocorporacion.com.pe\/?author=2"},"magazine_blocks_comment":0,"magazine_blocks_author_image":"https:\/\/secure.gravatar.com\/avatar\/b0424239fb0ab73301ee2fe15fa63952f8cc91a7008617235d24e486a66fa922?s=96&d=mm&r=g","magazine_blocks_category":"<a href=\"#\" class=\"category-link category-link-14\">Mundo<\/a>","_links":{"self":[{"href":"https:\/\/radiocorporacion.com.pe\/index.php?rest_route=\/wp\/v2\/posts\/797","targetHints":{"allow":["GET"]}}],"collection":[{"href":"https:\/\/radiocorporacion.com.pe\/index.php?rest_route=\/wp\/v2\/posts"}],"about":[{"href":"https:\/\/radiocorporacion.com.pe\/index.php?rest_route=\/wp\/v2\/types\/post"}],"author":[{"embeddable":true,"href":"https:\/\/radiocorporacion.com.pe\/index.php?rest_route=\/wp\/v2\/users\/2"}],"replies":[{"embeddable":true,"href":"https:\/\/radiocorporacion.com.pe\/index.php?rest_route=%2Fwp%2Fv2%2Fcomments&post=797"}],"version-history":[{"count":1,"href":"https:\/\/radiocorporacion.com.pe\/index.php?rest_route=\/wp\/v2\/posts\/797\/revisions"}],"predecessor-version":[{"id":799,"href":"https:\/\/radiocorporacion.com.pe\/index.php?rest_route=\/wp\/v2\/posts\/797\/revisions\/799"}],"wp:featuredmedia":[{"embeddable":true,"href":"https:\/\/radiocorporacion.com.pe\/index.php?rest_route=\/wp\/v2\/media\/798"}],"wp:attachment":[{"href":"https:\/\/radiocorporacion.com.pe\/index.php?rest_route=%2Fwp%2Fv2%2Fmedia&parent=797"}],"wp:term":[{"taxonomy":"category","embeddable":true,"href":"https:\/\/radiocorporacion.com.pe\/index.php?rest_route=%2Fwp%2Fv2%2Fcategories&post=797"},{"taxonomy":"post_tag","embeddable":true,"href":"https:\/\/radiocorporacion.com.pe\/index.php?rest_route=%2Fwp%2Fv2%2Ftags&post=797"}],"curies":[{"name":"wp","href":"https:\/\/api.w.org\/{rel}","templated":true}]}}