{"id":813,"date":"2026-04-07T21:16:56","date_gmt":"2026-04-07T21:16:56","guid":{"rendered":"https:\/\/radiocorporacion.com.pe\/?p=813"},"modified":"2026-04-07T21:16:56","modified_gmt":"2026-04-07T21:16:56","slug":"chunguinada-cerrena-tradicion-que-sigue-viva","status":"publish","type":"post","link":"https:\/\/radiocorporacion.com.pe\/?p=813","title":{"rendered":"Chunguinada Cerre\u00f1a | Tradici\u00f3n que sigue viva"},"content":{"rendered":"\n<p>Nuestra Chunguinada cerre\u00f1a celebra un a\u00f1o m\u00e1s desde que fue reconocida como #patrimoniocultural de la Naci\u00f3n, destacando como una de las expresiones m\u00e1s representativas de la sierra central.<br>Esta danza no solo llena de color y m\u00fasica nuestras fiestas, tambi\u00e9n transmite historia, identidad y el sentir de nuestros pueblos, reflejando la riqueza cultural que nos define.<br>Con cada paso y cada melod\u00eda, la Chunguinada fortalece nuestras ra\u00edces y mantiene vivas las costumbres que pasan de generaci\u00f3n en generaci\u00f3n.<br>En Pasco, se disfruta con especial intensidad durante la festividad de las Cruces de Mayo, recorriendo diversas localidades de la provincia de Pasco y Daniel Alcides Carri\u00f3n, donde la tradici\u00f3n se celebra con orgullo.<br>\u00a1Sigamos valorando y difundiendo lo nuestro!<\/p>\n","protected":false},"excerpt":{"rendered":"<p>Nuestra Chunguinada cerre\u00f1a celebra un a\u00f1o m\u00e1s desde que fue reconocida como #patrimoniocultural de la Naci\u00f3n, destacando como una de<\/p>\n","protected":false},"author":2,"featured_media":814,"comment_status":"open","ping_status":"open","sticky":false,"template":"","format":"standard","meta":{"colormag_page_container_layout":"default_layout","colormag_page_sidebar_layout":"default_layout","footnotes":""},"categories":[11],"tags":[],"class_list":["post-813","post","type-post","status-publish","format-standard","has-post-thumbnail","hentry","category-lo-mas-leido"],"magazineBlocksPostFeaturedMedia":{"thumbnail":"https:\/\/radiocorporacion.com.pe\/wp-content\/uploads\/2026\/04\/WhatsApp-Image-2026-04-07-at-4.10.42-PM-150x150.jpeg","medium":"https:\/\/radiocorporacion.com.pe\/wp-content\/uploads\/2026\/04\/WhatsApp-Image-2026-04-07-at-4.10.42-PM-273x300.jpeg","medium_large":"https:\/\/radiocorporacion.com.pe\/wp-content\/uploads\/2026\/04\/WhatsApp-Image-2026-04-07-at-4.10.42-PM-768x845.jpeg","large":"https:\/\/radiocorporacion.com.pe\/wp-content\/uploads\/2026\/04\/WhatsApp-Image-2026-04-07-at-4.10.42-PM-931x1024.jpeg","1536x1536":"https:\/\/radiocorporacion.com.pe\/wp-content\/uploads\/2026\/04\/WhatsApp-Image-2026-04-07-at-4.10.42-PM-1396x1536.jpeg","2048x2048":"https:\/\/radiocorporacion.com.pe\/wp-content\/uploads\/2026\/04\/WhatsApp-Image-2026-04-07-at-4.10.42-PM.jpeg","colormag-highlighted-post":"https:\/\/radiocorporacion.com.pe\/wp-content\/uploads\/2026\/04\/WhatsApp-Image-2026-04-07-at-4.10.42-PM-392x272.jpeg","colormag-featured-post-medium":"https:\/\/radiocorporacion.com.pe\/wp-content\/uploads\/2026\/04\/WhatsApp-Image-2026-04-07-at-4.10.42-PM-390x205.jpeg","colormag-featured-post-small":"https:\/\/radiocorporacion.com.pe\/wp-content\/uploads\/2026\/04\/WhatsApp-Image-2026-04-07-at-4.10.42-PM-130x90.jpeg","colormag-featured-image":"https:\/\/radiocorporacion.com.pe\/wp-content\/uploads\/2026\/04\/WhatsApp-Image-2026-04-07-at-4.10.42-PM-800x445.jpeg","colormag-default-news":"https:\/\/radiocorporacion.com.pe\/wp-content\/uploads\/2026\/04\/WhatsApp-Image-2026-04-07-at-4.10.42-PM-150x150.jpeg","colormag-featured-image-large":"https:\/\/radiocorporacion.com.pe\/wp-content\/uploads\/2026\/04\/WhatsApp-Image-2026-04-07-at-4.10.42-PM-1400x600.jpeg"},"magazineBlocksPostAuthor":{"name":"Notas Corporacion","avatar":"https:\/\/secure.gravatar.com\/avatar\/b0424239fb0ab73301ee2fe15fa63952f8cc91a7008617235d24e486a66fa922?s=96&d=mm&r=g"},"magazineBlocksPostCommentsNumber":"0","magazineBlocksPostExcerpt":"Nuestra Chunguinada cerre\u00f1a celebra un a\u00f1o m\u00e1s desde que fue reconocida como #patrimoniocultural de la Naci\u00f3n, destacando como una de","magazineBlocksPostCategories":["Lo mas leido"],"magazineBlocksPostViewCount":48,"magazineBlocksPostReadTime":1,"magazine_blocks_featured_image_url":{"full":["https:\/\/radiocorporacion.com.pe\/wp-content\/uploads\/2026\/04\/WhatsApp-Image-2026-04-07-at-4.10.42-PM.jpeg",1454,1600,false],"medium":["https:\/\/radiocorporacion.com.pe\/wp-content\/uploads\/2026\/04\/WhatsApp-Image-2026-04-07-at-4.10.42-PM-273x300.jpeg",273,300,true],"thumbnail":["https:\/\/radiocorporacion.com.pe\/wp-content\/uploads\/2026\/04\/WhatsApp-Image-2026-04-07-at-4.10.42-PM-150x150.jpeg",150,150,true]},"magazine_blocks_author":{"display_name":"Notas Corporacion","author_link":"https:\/\/radiocorporacion.com.pe\/?author=2"},"magazine_blocks_comment":0,"magazine_blocks_author_image":"https:\/\/secure.gravatar.com\/avatar\/b0424239fb0ab73301ee2fe15fa63952f8cc91a7008617235d24e486a66fa922?s=96&d=mm&r=g","magazine_blocks_category":"<a href=\"#\" class=\"category-link category-link-11\">Lo mas leido<\/a>","_links":{"self":[{"href":"https:\/\/radiocorporacion.com.pe\/index.php?rest_route=\/wp\/v2\/posts\/813","targetHints":{"allow":["GET"]}}],"collection":[{"href":"https:\/\/radiocorporacion.com.pe\/index.php?rest_route=\/wp\/v2\/posts"}],"about":[{"href":"https:\/\/radiocorporacion.com.pe\/index.php?rest_route=\/wp\/v2\/types\/post"}],"author":[{"embeddable":true,"href":"https:\/\/radiocorporacion.com.pe\/index.php?rest_route=\/wp\/v2\/users\/2"}],"replies":[{"embeddable":true,"href":"https:\/\/radiocorporacion.com.pe\/index.php?rest_route=%2Fwp%2Fv2%2Fcomments&post=813"}],"version-history":[{"count":1,"href":"https:\/\/radiocorporacion.com.pe\/index.php?rest_route=\/wp\/v2\/posts\/813\/revisions"}],"predecessor-version":[{"id":815,"href":"https:\/\/radiocorporacion.com.pe\/index.php?rest_route=\/wp\/v2\/posts\/813\/revisions\/815"}],"wp:featuredmedia":[{"embeddable":true,"href":"https:\/\/radiocorporacion.com.pe\/index.php?rest_route=\/wp\/v2\/media\/814"}],"wp:attachment":[{"href":"https:\/\/radiocorporacion.com.pe\/index.php?rest_route=%2Fwp%2Fv2%2Fmedia&parent=813"}],"wp:term":[{"taxonomy":"category","embeddable":true,"href":"https:\/\/radiocorporacion.com.pe\/index.php?rest_route=%2Fwp%2Fv2%2Fcategories&post=813"},{"taxonomy":"post_tag","embeddable":true,"href":"https:\/\/radiocorporacion.com.pe\/index.php?rest_route=%2Fwp%2Fv2%2Ftags&post=813"}],"curies":[{"name":"wp","href":"https:\/\/api.w.org\/{rel}","templated":true}]}}