{"id":933,"date":"2026-04-20T14:00:41","date_gmt":"2026-04-20T14:00:41","guid":{"rendered":"https:\/\/radiocorporacion.com.pe\/?p=933"},"modified":"2026-04-20T14:00:41","modified_gmt":"2026-04-20T14:00:41","slug":"ejecutivo-observa-la-ley-que-daba-bono-de-hasta-35-del-sueldo-para-trabajadores-del-minedu","status":"publish","type":"post","link":"https:\/\/radiocorporacion.com.pe\/?p=933","title":{"rendered":"Ejecutivo observa la Ley que daba bono de hasta 35% del sueldo para trabajadores del Minedu"},"content":{"rendered":"\n<p>En marzo el Pleno del Congreso hab\u00eda aprobado el dictamen que reconoce el pago de una bonificaci\u00f3n especial para el personal administrativo del sector Educaci\u00f3n, con 77 votos a favor y dos abstenciones. Seg\u00fan el presidente de la Comisi\u00f3n de Educaci\u00f3n, Juventud y Deporte del Congreso del Per\u00fa, Segundo Montalvo Cubas (bancada PL), la iniciativa buscaba \u201creforzar la seguridad jur\u00eddica y garantizar el respeto de los derechos laborales del personal administrativo del sector\u201d.<br>Esta reconoc\u00eda formalmente el pago de la bonificaci\u00f3n especial otorgada mediante la Resoluci\u00f3n Ministerial 1445-90-ED, beneficio dirigido al personal administrativo del sector Educaci\u00f3n comprendido en el Decreto Legislativo 276, que establece las bases de la carrera administrativa y el sistema remunerativo del sector p\u00fablico. Es decir, los trabajadores administrativos con v\u00ednculo laboral vigente desde la entrada en vigencia de la mencionada podr\u00edan recibir una bonificaci\u00f3n ser\u00e1 equivalente al 30 % de la remuneraci\u00f3n total sin son de los grupos ocupacionales auxiliar y t\u00e9cnico; y del 35 % de su remuneraci\u00f3n total si son personal profesional.<\/p>\n","protected":false},"excerpt":{"rendered":"<p>En marzo el Pleno del Congreso hab\u00eda aprobado el dictamen que reconoce el pago de una bonificaci\u00f3n especial para el<\/p>\n","protected":false},"author":2,"featured_media":934,"comment_status":"open","ping_status":"open","sticky":false,"template":"","format":"standard","meta":{"colormag_page_container_layout":"default_layout","colormag_page_sidebar_layout":"default_layout","footnotes":""},"categories":[9],"tags":[],"class_list":["post-933","post","type-post","status-publish","format-standard","has-post-thumbnail","hentry","category-lo-ultimo"],"magazineBlocksPostFeaturedMedia":{"thumbnail":"https:\/\/radiocorporacion.com.pe\/wp-content\/uploads\/2026\/04\/image-77-3-150x150.jpg","medium":"https:\/\/radiocorporacion.com.pe\/wp-content\/uploads\/2026\/04\/image-77-3-300x169.jpg","medium_large":"https:\/\/radiocorporacion.com.pe\/wp-content\/uploads\/2026\/04\/image-77-3-768x432.jpg","large":"https:\/\/radiocorporacion.com.pe\/wp-content\/uploads\/2026\/04\/image-77-3.jpg","1536x1536":"https:\/\/radiocorporacion.com.pe\/wp-content\/uploads\/2026\/04\/image-77-3.jpg","2048x2048":"https:\/\/radiocorporacion.com.pe\/wp-content\/uploads\/2026\/04\/image-77-3.jpg","colormag-highlighted-post":"https:\/\/radiocorporacion.com.pe\/wp-content\/uploads\/2026\/04\/image-77-3-392x272.jpg","colormag-featured-post-medium":"https:\/\/radiocorporacion.com.pe\/wp-content\/uploads\/2026\/04\/image-77-3-390x205.jpg","colormag-featured-post-small":"https:\/\/radiocorporacion.com.pe\/wp-content\/uploads\/2026\/04\/image-77-3-130x90.jpg","colormag-featured-image":"https:\/\/radiocorporacion.com.pe\/wp-content\/uploads\/2026\/04\/image-77-3-800x445.jpg","colormag-default-news":"https:\/\/radiocorporacion.com.pe\/wp-content\/uploads\/2026\/04\/image-77-3-150x150.jpg","colormag-featured-image-large":"https:\/\/radiocorporacion.com.pe\/wp-content\/uploads\/2026\/04\/image-77-3.jpg"},"magazineBlocksPostAuthor":{"name":"Notas Corporacion","avatar":"https:\/\/secure.gravatar.com\/avatar\/b0424239fb0ab73301ee2fe15fa63952f8cc91a7008617235d24e486a66fa922?s=96&d=mm&r=g"},"magazineBlocksPostCommentsNumber":"0","magazineBlocksPostExcerpt":"En marzo el Pleno del Congreso hab\u00eda aprobado el dictamen que reconoce el pago de una bonificaci\u00f3n especial para el","magazineBlocksPostCategories":["Lo \u00daltimo"],"magazineBlocksPostViewCount":57,"magazineBlocksPostReadTime":1,"magazine_blocks_featured_image_url":{"full":["https:\/\/radiocorporacion.com.pe\/wp-content\/uploads\/2026\/04\/image-77-3.jpg",992,558,false],"medium":["https:\/\/radiocorporacion.com.pe\/wp-content\/uploads\/2026\/04\/image-77-3-300x169.jpg",300,169,true],"thumbnail":["https:\/\/radiocorporacion.com.pe\/wp-content\/uploads\/2026\/04\/image-77-3-150x150.jpg",150,150,true]},"magazine_blocks_author":{"display_name":"Notas Corporacion","author_link":"https:\/\/radiocorporacion.com.pe\/?author=2"},"magazine_blocks_comment":0,"magazine_blocks_author_image":"https:\/\/secure.gravatar.com\/avatar\/b0424239fb0ab73301ee2fe15fa63952f8cc91a7008617235d24e486a66fa922?s=96&d=mm&r=g","magazine_blocks_category":"<a href=\"#\" class=\"category-link category-link-9\">Lo \u00daltimo<\/a>","_links":{"self":[{"href":"https:\/\/radiocorporacion.com.pe\/index.php?rest_route=\/wp\/v2\/posts\/933","targetHints":{"allow":["GET"]}}],"collection":[{"href":"https:\/\/radiocorporacion.com.pe\/index.php?rest_route=\/wp\/v2\/posts"}],"about":[{"href":"https:\/\/radiocorporacion.com.pe\/index.php?rest_route=\/wp\/v2\/types\/post"}],"author":[{"embeddable":true,"href":"https:\/\/radiocorporacion.com.pe\/index.php?rest_route=\/wp\/v2\/users\/2"}],"replies":[{"embeddable":true,"href":"https:\/\/radiocorporacion.com.pe\/index.php?rest_route=%2Fwp%2Fv2%2Fcomments&post=933"}],"version-history":[{"count":1,"href":"https:\/\/radiocorporacion.com.pe\/index.php?rest_route=\/wp\/v2\/posts\/933\/revisions"}],"predecessor-version":[{"id":935,"href":"https:\/\/radiocorporacion.com.pe\/index.php?rest_route=\/wp\/v2\/posts\/933\/revisions\/935"}],"wp:featuredmedia":[{"embeddable":true,"href":"https:\/\/radiocorporacion.com.pe\/index.php?rest_route=\/wp\/v2\/media\/934"}],"wp:attachment":[{"href":"https:\/\/radiocorporacion.com.pe\/index.php?rest_route=%2Fwp%2Fv2%2Fmedia&parent=933"}],"wp:term":[{"taxonomy":"category","embeddable":true,"href":"https:\/\/radiocorporacion.com.pe\/index.php?rest_route=%2Fwp%2Fv2%2Fcategories&post=933"},{"taxonomy":"post_tag","embeddable":true,"href":"https:\/\/radiocorporacion.com.pe\/index.php?rest_route=%2Fwp%2Fv2%2Ftags&post=933"}],"curies":[{"name":"wp","href":"https:\/\/api.w.org\/{rel}","templated":true}]}}