{"id":964,"date":"2026-04-21T14:19:49","date_gmt":"2026-04-21T14:19:49","guid":{"rendered":"https:\/\/radiocorporacion.com.pe\/?p=964"},"modified":"2026-04-21T14:19:49","modified_gmt":"2026-04-21T14:19:49","slug":"mientras-todo-el-mundo-se-fija-en-el-estrecho-de-ormuz-europa-tiene-un-plan-hacer-peajes-en-el-canal-de-estambul-para-transformar-la-navegacion","status":"publish","type":"post","link":"https:\/\/radiocorporacion.com.pe\/?p=964","title":{"rendered":"Mientras todo el mundo se fija en el Estrecho de Ormuz, Europa tiene un plan: hacer peajes en el Canal de Estambul para transformar la navegaci\u00f3n"},"content":{"rendered":"\n<p>Las crecientes tensiones en torno al Estrecho de Ormuz han reavivado el inter\u00e9s en el proyecto del Canal de Estambul, en Turqu\u00eda. Esta v\u00eda fluvial discurrir\u00eda en paralelo al estrecho del B\u00f3sforo, ofreciendo una alternativa de navegaci\u00f3n entre el mar Negro y el mar de M\u00e1rmara, con capacidad para gestionar aproximadamente 160 buques o petroleros al d\u00eda, seg\u00fan las estimaciones del proyecto. Asimismo, su construcci\u00f3n permitir\u00eda a Turqu\u00eda obtener ingresos por el tr\u00e1nsito mar\u00edtimo de forma similar a otros pasos internacionales como el Canal de Suez en Egipto o el Canal de Panam\u00e1.<\/p>\n\n\n\n<p>De acuerdo con informaci\u00f3n publicada por Express, el proyecto tendr\u00eda un coste estimado de unos 23.000 millones de euros; alrededor de 13.800 millones de euros se destinar\u00edan a la construcci\u00f3n del canal, mientras que unos 9.200 millones de euros se invertir\u00edan en el desarrollo urban\u00edstico de las zonas cercanas. En 2021, el presidente Recep Tayyip Erdogan destac\u00f3 la importancia estrat\u00e9gica de la infraestructura: \u00abHoy abrimos una nueva p\u00e1gina en la historia del desarrollo de Turqu\u00eda. Consideramos el Canal de Estambul un proyecto para salvar el futuro de Estambul, para garantizar la seguridad de la vida y los bienes en el B\u00f3sforo de Estambul y para los ciudadanos que viven a su alrededor\u00bb.<\/p>\n","protected":false},"excerpt":{"rendered":"<p>Las crecientes tensiones en torno al Estrecho de Ormuz han reavivado el inter\u00e9s en el proyecto del Canal de Estambul,<\/p>\n","protected":false},"author":2,"featured_media":965,"comment_status":"open","ping_status":"open","sticky":false,"template":"","format":"standard","meta":{"colormag_page_container_layout":"default_layout","colormag_page_sidebar_layout":"default_layout","footnotes":""},"categories":[14],"tags":[],"class_list":["post-964","post","type-post","status-publish","format-standard","has-post-thumbnail","hentry","category-mundo"],"magazineBlocksPostFeaturedMedia":{"thumbnail":"https:\/\/radiocorporacion.com.pe\/wp-content\/uploads\/2026\/04\/image-86-1-150x150.jpg","medium":"https:\/\/radiocorporacion.com.pe\/wp-content\/uploads\/2026\/04\/image-86-1-300x169.jpg","medium_large":"https:\/\/radiocorporacion.com.pe\/wp-content\/uploads\/2026\/04\/image-86-1.jpg","large":"https:\/\/radiocorporacion.com.pe\/wp-content\/uploads\/2026\/04\/image-86-1.jpg","1536x1536":"https:\/\/radiocorporacion.com.pe\/wp-content\/uploads\/2026\/04\/image-86-1.jpg","2048x2048":"https:\/\/radiocorporacion.com.pe\/wp-content\/uploads\/2026\/04\/image-86-1.jpg","colormag-highlighted-post":"https:\/\/radiocorporacion.com.pe\/wp-content\/uploads\/2026\/04\/image-86-1-392x272.jpg","colormag-featured-post-medium":"https:\/\/radiocorporacion.com.pe\/wp-content\/uploads\/2026\/04\/image-86-1-390x205.jpg","colormag-featured-post-small":"https:\/\/radiocorporacion.com.pe\/wp-content\/uploads\/2026\/04\/image-86-1-130x90.jpg","colormag-featured-image":"https:\/\/radiocorporacion.com.pe\/wp-content\/uploads\/2026\/04\/image-86-1.jpg","colormag-default-news":"https:\/\/radiocorporacion.com.pe\/wp-content\/uploads\/2026\/04\/image-86-1-150x150.jpg","colormag-featured-image-large":"https:\/\/radiocorporacion.com.pe\/wp-content\/uploads\/2026\/04\/image-86-1.jpg"},"magazineBlocksPostAuthor":{"name":"Notas Corporacion","avatar":"https:\/\/secure.gravatar.com\/avatar\/b0424239fb0ab73301ee2fe15fa63952f8cc91a7008617235d24e486a66fa922?s=96&d=mm&r=g"},"magazineBlocksPostCommentsNumber":"0","magazineBlocksPostExcerpt":"Las crecientes tensiones en torno al Estrecho de Ormuz han reavivado el inter\u00e9s en el proyecto del Canal de Estambul,","magazineBlocksPostCategories":["Mundo"],"magazineBlocksPostViewCount":46,"magazineBlocksPostReadTime":2,"magazine_blocks_featured_image_url":{"full":["https:\/\/radiocorporacion.com.pe\/wp-content\/uploads\/2026\/04\/image-86-1.jpg",635,358,false],"medium":["https:\/\/radiocorporacion.com.pe\/wp-content\/uploads\/2026\/04\/image-86-1-300x169.jpg",300,169,true],"thumbnail":["https:\/\/radiocorporacion.com.pe\/wp-content\/uploads\/2026\/04\/image-86-1-150x150.jpg",150,150,true]},"magazine_blocks_author":{"display_name":"Notas Corporacion","author_link":"https:\/\/radiocorporacion.com.pe\/?author=2"},"magazine_blocks_comment":0,"magazine_blocks_author_image":"https:\/\/secure.gravatar.com\/avatar\/b0424239fb0ab73301ee2fe15fa63952f8cc91a7008617235d24e486a66fa922?s=96&d=mm&r=g","magazine_blocks_category":"<a href=\"#\" class=\"category-link category-link-14\">Mundo<\/a>","_links":{"self":[{"href":"https:\/\/radiocorporacion.com.pe\/index.php?rest_route=\/wp\/v2\/posts\/964","targetHints":{"allow":["GET"]}}],"collection":[{"href":"https:\/\/radiocorporacion.com.pe\/index.php?rest_route=\/wp\/v2\/posts"}],"about":[{"href":"https:\/\/radiocorporacion.com.pe\/index.php?rest_route=\/wp\/v2\/types\/post"}],"author":[{"embeddable":true,"href":"https:\/\/radiocorporacion.com.pe\/index.php?rest_route=\/wp\/v2\/users\/2"}],"replies":[{"embeddable":true,"href":"https:\/\/radiocorporacion.com.pe\/index.php?rest_route=%2Fwp%2Fv2%2Fcomments&post=964"}],"version-history":[{"count":1,"href":"https:\/\/radiocorporacion.com.pe\/index.php?rest_route=\/wp\/v2\/posts\/964\/revisions"}],"predecessor-version":[{"id":966,"href":"https:\/\/radiocorporacion.com.pe\/index.php?rest_route=\/wp\/v2\/posts\/964\/revisions\/966"}],"wp:featuredmedia":[{"embeddable":true,"href":"https:\/\/radiocorporacion.com.pe\/index.php?rest_route=\/wp\/v2\/media\/965"}],"wp:attachment":[{"href":"https:\/\/radiocorporacion.com.pe\/index.php?rest_route=%2Fwp%2Fv2%2Fmedia&parent=964"}],"wp:term":[{"taxonomy":"category","embeddable":true,"href":"https:\/\/radiocorporacion.com.pe\/index.php?rest_route=%2Fwp%2Fv2%2Fcategories&post=964"},{"taxonomy":"post_tag","embeddable":true,"href":"https:\/\/radiocorporacion.com.pe\/index.php?rest_route=%2Fwp%2Fv2%2Ftags&post=964"}],"curies":[{"name":"wp","href":"https:\/\/api.w.org\/{rel}","templated":true}]}}